{"id":1013735,"date":"2026-04-27T14:52:44","date_gmt":"2026-04-27T17:52:44","guid":{"rendered":"https:\/\/www.psr-inc.com\/noticia\/doble-contabilidad-y-modernizacion-del-mercado-proximos-pasos-para-el-sector-electrico-en-debate\/"},"modified":"2026-04-27T14:59:54","modified_gmt":"2026-04-27T17:59:54","slug":"doble-contabilidad-y-modernizacion-del-mercado-proximos-pasos-para-el-sector-electrico-en-debate","status":"publish","type":"noticia","link":"https:\/\/www.psr-inc.com\/es\/noticia-es\/doble-contabilidad-y-modernizacion-del-mercado-proximos-pasos-para-el-sector-electrico-en-debate\/","title":{"rendered":"Doble contabilidad y modernizaci\u00f3n del mercado: pr\u00f3ximos pasos para el sector el\u00e9ctrico en debate"},"content":{"rendered":"\t\t<div data-elementor-type=\"wp-post\" data-elementor-id=\"1013735\" class=\"elementor elementor-1013735 elementor-1013725\" data-elementor-post-type=\"noticia\">\n\t\t\t\t<div class=\"elementor-element elementor-element-bc3173a e-flex e-con-boxed e-con e-parent\" data-id=\"bc3173a\" data-element_type=\"container\" data-e-type=\"container\">\n\t\t\t\t\t<div class=\"e-con-inner\">\n\t\t\t\t<div class=\"elementor-element elementor-element-7345d8c3 elementor-widget elementor-widget-text-editor\" data-id=\"7345d8c3\" data-element_type=\"widget\" data-e-type=\"widget\" data-widget_type=\"text-editor.default\">\n\t\t\t\t<div class=\"elementor-widget-container\">\n\t\t\t\t\t\t\t\t\t<p>El sector el\u00e9ctrico brasile\u00f1o avanza en una agenda que combina la modernizaci\u00f3n regulatoria, la mejora de los mecanismos de mercado y la b\u00fasqueda de una mayor eficiencia operativa.<\/p>\n<p>Este es el punto de partida de la secci\u00f3n \u00abOpini\u00f3n\u00bb de la edici\u00f3n de marzo del Energy Report, que analiza los recientes desarrollos relacionados con la propuesta de doble contabilidad y su papel en la evoluci\u00f3n del modelo comercial brasile\u00f1o. El editorial destaca que el tema, debatido durante d\u00e9cadas en el sector, est\u00e1 adquiriendo nueva relevancia a la luz de los avances regulatorios y la necesidad de alinear las operaciones del mercado con las mejores pr\u00e1cticas internacionales.<\/p>\n<p>Asimismo, el editorial contextualiza el tema dentro de una agenda m\u00e1s amplia de modernizaci\u00f3n institucional, marcada por la necesidad de mejorar los instrumentos de mercado, aumentar la previsibilidad regulatoria y fortalecer la transparencia en las operaciones del sistema el\u00e9ctrico. As\u00ed, la evoluci\u00f3n de los mecanismos contables se presenta como un paso importante hacia la consolidaci\u00f3n de un entorno m\u00e1s acorde con los cambios que se est\u00e1n produciendo en el sector.<\/p>\n<p>La edici\u00f3n de marzo de 2026 del Energy Report, \u00abLo que est\u00e1 en juego y lo que depara el futuro con la doble contabilidad\u00bb, ya est\u00e1 disponible para los suscriptores.<\/p>\n<p><strong>Otros aspectos destacados de la edici\u00f3n:<\/strong><\/p>\n<p>Adem\u00e1s del an\u00e1lisis sobre la doble contabilidad y la modernizaci\u00f3n del mercado, esta edici\u00f3n del bolet\u00edn tambi\u00e9n incluye:<\/p>\n<ul>\n<li><strong>Normativa <\/strong>\u2013 Comentamos la CP 217\/2026 del MME para la implementaci\u00f3n de las temporadas de acceso en PNAST. Analizamos la TS 05\/2026 de Aneel sobre las normas para el acceso al sistema de transmisi\u00f3n.<\/li>\n<li><strong>Recursos H\u00eddricos<\/strong> \u2013 Seguridad h\u00eddrica en el D\u00eda Mundial del Agua: desaf\u00edos ante el cambio clim\u00e1tico.<\/li>\n<li><strong>Transformaci\u00f3n Energ\u00e9tica<\/strong> \u2013 Transformaci\u00f3n energ\u00e9tica: Los modelos clim\u00e1ticos actuales podr\u00edan ser demasiado optimistas, seg\u00fan nuevas investigaciones.<\/li>\n<li><strong>Internacional<\/strong> \u2013 Analizamos diferentes estrategias de contrataci\u00f3n de bater\u00edas en Argentina, Brasil y Chile.<\/li>\n<li><strong>Innovaci\u00f3n<\/strong> \u2013 El tema central de esta secci\u00f3n es la importancia de la flexibilidad del consumo en los centros de datos de IA.<\/li>\n<li><strong>Geonomics <\/strong>\u2013 El poder energ\u00e9tico se est\u00e1 desplazando de quienes producen energ\u00eda a quienes la distribuyen.<\/li>\n<li><strong>The Material World \u2013 <\/strong>La plata: un mineral estrat\u00e9gico en la transici\u00f3n energ\u00e9tica<\/li>\n<li><strong>An\u00e1lisis estructural de la oferta \u2013 <\/strong>An\u00e1lisis estructural de la oferta: Presenta el balance actualizado de la demanda y la oferta de energ\u00eda estructural para los pr\u00f3ximos a\u00f1os y nuestro medidor de retardo tradicional<\/li>\n<\/ul>\n\t\t\t\t\t\t\t\t<\/div>\n\t\t\t\t<\/div>\n\t\t\t\t\t<\/div>\n\t\t\t\t<\/div>\n\t\t\t\t<\/div>\n\t\t","protected":false},"excerpt":{"rendered":"<p>El sector el\u00e9ctrico brasile\u00f1o avanza en una agenda que combina la modernizaci\u00f3n regulatoria, la mejora de los mecanismos de mercado y la b\u00fasqueda de una mayor eficiencia operativa. Este es el punto de partida de la secci\u00f3n \u00abOpini\u00f3n\u00bb de la edici\u00f3n de marzo del Energy Report, que analiza los recientes desarrollos relacionados con la propuesta&#8230;<\/p>\n","protected":false},"author":4,"featured_media":1013728,"template":"","meta":{"_acf_changed":false},"categories":[],"class_list":["post-1013735","noticia","type-noticia","status-publish","has-post-thumbnail","hentry"],"acf":[],"yoast_head":"<!-- This site is optimized with the Yoast SEO plugin v27.4 - https:\/\/yoast.com\/product\/yoast-seo-wordpress\/ -->\n<title>Noticias<\/title>\n<meta name=\"robots\" content=\"index, follow, max-snippet:-1, max-image-preview:large, max-video-preview:-1\" \/>\n<link rel=\"canonical\" href=\"https:\/\/www.psr-inc.com\/es\/noticia-es\/doble-contabilidad-y-modernizacion-del-mercado-proximos-pasos-para-el-sector-electrico-en-debate\/\" \/>\n<meta property=\"og:locale\" content=\"es_ES\" \/>\n<meta property=\"og:type\" content=\"article\" \/>\n<meta property=\"og:title\" content=\"Noticias\" \/>\n<meta property=\"og:description\" content=\"El sector el\u00e9ctrico brasile\u00f1o avanza en una agenda que combina la modernizaci\u00f3n regulatoria, la mejora de los mecanismos de mercado y la b\u00fasqueda de una mayor eficiencia operativa. Este es el punto de partida de la secci\u00f3n \u00abOpini\u00f3n\u00bb de la edici\u00f3n de marzo del Energy Report, que analiza los recientes desarrollos relacionados con la propuesta...\" \/>\n<meta property=\"og:url\" content=\"https:\/\/www.psr-inc.com\/es\/noticia-es\/doble-contabilidad-y-modernizacion-del-mercado-proximos-pasos-para-el-sector-electrico-en-debate\/\" \/>\n<meta property=\"og:site_name\" content=\"PSR Energy\" \/>\n<meta property=\"article:publisher\" content=\"https:\/\/www.facebook.com\/psrenergy\" \/>\n<meta property=\"article:modified_time\" content=\"2026-04-27T17:59:54+00:00\" \/>\n<meta property=\"og:image\" content=\"https:\/\/www.psr-inc.com\/wp-content\/uploads\/2026\/04\/header-sitenovo-ER-abril.png\" \/>\n\t<meta property=\"og:image:width\" content=\"700\" \/>\n\t<meta property=\"og:image:height\" content=\"450\" \/>\n\t<meta property=\"og:image:type\" content=\"image\/png\" \/>\n<meta name=\"twitter:card\" content=\"summary_large_image\" \/>\n<meta name=\"twitter:site\" content=\"@psrenergy\" \/>\n<meta name=\"twitter:label1\" content=\"Tiempo de lectura\" \/>\n\t<meta name=\"twitter:data1\" content=\"3 minutos\" \/>\n<script type=\"application\/ld+json\" class=\"yoast-schema-graph\">{\"@context\":\"https:\\\/\\\/schema.org\",\"@graph\":[{\"@type\":\"WebPage\",\"@id\":\"https:\\\/\\\/www.psr-inc.com\\\/es\\\/noticia-es\\\/doble-contabilidad-y-modernizacion-del-mercado-proximos-pasos-para-el-sector-electrico-en-debate\\\/\",\"url\":\"https:\\\/\\\/www.psr-inc.com\\\/es\\\/noticia-es\\\/doble-contabilidad-y-modernizacion-del-mercado-proximos-pasos-para-el-sector-electrico-en-debate\\\/\",\"name\":\"Noticias\",\"isPartOf\":{\"@id\":\"https:\\\/\\\/www.psr-inc.com\\\/es\\\/#website\"},\"primaryImageOfPage\":{\"@id\":\"https:\\\/\\\/www.psr-inc.com\\\/es\\\/noticia-es\\\/doble-contabilidad-y-modernizacion-del-mercado-proximos-pasos-para-el-sector-electrico-en-debate\\\/#primaryimage\"},\"image\":{\"@id\":\"https:\\\/\\\/www.psr-inc.com\\\/es\\\/noticia-es\\\/doble-contabilidad-y-modernizacion-del-mercado-proximos-pasos-para-el-sector-electrico-en-debate\\\/#primaryimage\"},\"thumbnailUrl\":\"https:\\\/\\\/www.psr-inc.com\\\/wp-content\\\/uploads\\\/2026\\\/04\\\/header-sitenovo-ER-abril.png\",\"datePublished\":\"2026-04-27T17:52:44+00:00\",\"dateModified\":\"2026-04-27T17:59:54+00:00\",\"breadcrumb\":{\"@id\":\"https:\\\/\\\/www.psr-inc.com\\\/es\\\/noticia-es\\\/doble-contabilidad-y-modernizacion-del-mercado-proximos-pasos-para-el-sector-electrico-en-debate\\\/#breadcrumb\"},\"inLanguage\":\"es\",\"potentialAction\":[{\"@type\":\"ReadAction\",\"target\":[\"https:\\\/\\\/www.psr-inc.com\\\/es\\\/noticia-es\\\/doble-contabilidad-y-modernizacion-del-mercado-proximos-pasos-para-el-sector-electrico-en-debate\\\/\"]}]},{\"@type\":\"ImageObject\",\"inLanguage\":\"es\",\"@id\":\"https:\\\/\\\/www.psr-inc.com\\\/es\\\/noticia-es\\\/doble-contabilidad-y-modernizacion-del-mercado-proximos-pasos-para-el-sector-electrico-en-debate\\\/#primaryimage\",\"url\":\"https:\\\/\\\/www.psr-inc.com\\\/wp-content\\\/uploads\\\/2026\\\/04\\\/header-sitenovo-ER-abril.png\",\"contentUrl\":\"https:\\\/\\\/www.psr-inc.com\\\/wp-content\\\/uploads\\\/2026\\\/04\\\/header-sitenovo-ER-abril.png\",\"width\":700,\"height\":450},{\"@type\":\"BreadcrumbList\",\"@id\":\"https:\\\/\\\/www.psr-inc.com\\\/es\\\/noticia-es\\\/doble-contabilidad-y-modernizacion-del-mercado-proximos-pasos-para-el-sector-electrico-en-debate\\\/#breadcrumb\",\"itemListElement\":[{\"@type\":\"ListItem\",\"position\":1,\"name\":\"Home\",\"item\":\"https:\\\/\\\/www.psr-inc.com\\\/es\\\/\"},{\"@type\":\"ListItem\",\"position\":2,\"name\":\"Not\u00edcias\",\"item\":\"https:\\\/\\\/www.psr-inc.com\\\/es\\\/noticias-antigo\\\/\"},{\"@type\":\"ListItem\",\"position\":3,\"name\":\"Doble contabilidad y modernizaci\u00f3n del mercado: pr\u00f3ximos pasos para el sector el\u00e9ctrico en debate\"}]},{\"@type\":\"WebSite\",\"@id\":\"https:\\\/\\\/www.psr-inc.com\\\/es\\\/#website\",\"url\":\"https:\\\/\\\/www.psr-inc.com\\\/es\\\/\",\"name\":\"PSR\",\"description\":\"\",\"publisher\":{\"@id\":\"https:\\\/\\\/www.psr-inc.com\\\/es\\\/#organization\"},\"alternateName\":\"PSR Energy Consulting\",\"potentialAction\":[{\"@type\":\"SearchAction\",\"target\":{\"@type\":\"EntryPoint\",\"urlTemplate\":\"https:\\\/\\\/www.psr-inc.com\\\/es\\\/?s={search_term_string}\"},\"query-input\":{\"@type\":\"PropertyValueSpecification\",\"valueRequired\":true,\"valueName\":\"search_term_string\"}}],\"inLanguage\":\"es\"},{\"@type\":\"Organization\",\"@id\":\"https:\\\/\\\/www.psr-inc.com\\\/es\\\/#organization\",\"name\":\"PSR\",\"alternateName\":\"PSR Energy Consulting\",\"url\":\"https:\\\/\\\/www.psr-inc.com\\\/es\\\/\",\"logo\":{\"@type\":\"ImageObject\",\"inLanguage\":\"es\",\"@id\":\"https:\\\/\\\/www.psr-inc.com\\\/es\\\/#\\\/schema\\\/logo\\\/image\\\/\",\"url\":\"https:\\\/\\\/www.psr-inc.com\\\/wp-content\\\/uploads\\\/2023\\\/03\\\/logo-psr.svg\",\"contentUrl\":\"https:\\\/\\\/www.psr-inc.com\\\/wp-content\\\/uploads\\\/2023\\\/03\\\/logo-psr.svg\",\"width\":1056,\"height\":816,\"caption\":\"PSR\"},\"image\":{\"@id\":\"https:\\\/\\\/www.psr-inc.com\\\/es\\\/#\\\/schema\\\/logo\\\/image\\\/\"},\"sameAs\":[\"https:\\\/\\\/www.facebook.com\\\/psrenergy\",\"https:\\\/\\\/x.com\\\/psrenergy\",\"https:\\\/\\\/www.instagram.com\\\/psrenergy\\\/\",\"https:\\\/\\\/www.linkedin.com\\\/company\\\/psrenergy\\\/\"]}]}<\/script>\n<!-- \/ Yoast SEO plugin. -->","yoast_head_json":{"title":"Noticias","robots":{"index":"index","follow":"follow","max-snippet":"max-snippet:-1","max-image-preview":"max-image-preview:large","max-video-preview":"max-video-preview:-1"},"canonical":"https:\/\/www.psr-inc.com\/es\/noticia-es\/doble-contabilidad-y-modernizacion-del-mercado-proximos-pasos-para-el-sector-electrico-en-debate\/","og_locale":"es_ES","og_type":"article","og_title":"Noticias","og_description":"El sector el\u00e9ctrico brasile\u00f1o avanza en una agenda que combina la modernizaci\u00f3n regulatoria, la mejora de los mecanismos de mercado y la b\u00fasqueda de una mayor eficiencia operativa. Este es el punto de partida de la secci\u00f3n \u00abOpini\u00f3n\u00bb de la edici\u00f3n de marzo del Energy Report, que analiza los recientes desarrollos relacionados con la propuesta...","og_url":"https:\/\/www.psr-inc.com\/es\/noticia-es\/doble-contabilidad-y-modernizacion-del-mercado-proximos-pasos-para-el-sector-electrico-en-debate\/","og_site_name":"PSR Energy","article_publisher":"https:\/\/www.facebook.com\/psrenergy","article_modified_time":"2026-04-27T17:59:54+00:00","og_image":[{"width":700,"height":450,"url":"https:\/\/www.psr-inc.com\/wp-content\/uploads\/2026\/04\/header-sitenovo-ER-abril.png","type":"image\/png"}],"twitter_card":"summary_large_image","twitter_site":"@psrenergy","twitter_misc":{"Tiempo de lectura":"3 minutos"},"schema":{"@context":"https:\/\/schema.org","@graph":[{"@type":"WebPage","@id":"https:\/\/www.psr-inc.com\/es\/noticia-es\/doble-contabilidad-y-modernizacion-del-mercado-proximos-pasos-para-el-sector-electrico-en-debate\/","url":"https:\/\/www.psr-inc.com\/es\/noticia-es\/doble-contabilidad-y-modernizacion-del-mercado-proximos-pasos-para-el-sector-electrico-en-debate\/","name":"Noticias","isPartOf":{"@id":"https:\/\/www.psr-inc.com\/es\/#website"},"primaryImageOfPage":{"@id":"https:\/\/www.psr-inc.com\/es\/noticia-es\/doble-contabilidad-y-modernizacion-del-mercado-proximos-pasos-para-el-sector-electrico-en-debate\/#primaryimage"},"image":{"@id":"https:\/\/www.psr-inc.com\/es\/noticia-es\/doble-contabilidad-y-modernizacion-del-mercado-proximos-pasos-para-el-sector-electrico-en-debate\/#primaryimage"},"thumbnailUrl":"https:\/\/www.psr-inc.com\/wp-content\/uploads\/2026\/04\/header-sitenovo-ER-abril.png","datePublished":"2026-04-27T17:52:44+00:00","dateModified":"2026-04-27T17:59:54+00:00","breadcrumb":{"@id":"https:\/\/www.psr-inc.com\/es\/noticia-es\/doble-contabilidad-y-modernizacion-del-mercado-proximos-pasos-para-el-sector-electrico-en-debate\/#breadcrumb"},"inLanguage":"es","potentialAction":[{"@type":"ReadAction","target":["https:\/\/www.psr-inc.com\/es\/noticia-es\/doble-contabilidad-y-modernizacion-del-mercado-proximos-pasos-para-el-sector-electrico-en-debate\/"]}]},{"@type":"ImageObject","inLanguage":"es","@id":"https:\/\/www.psr-inc.com\/es\/noticia-es\/doble-contabilidad-y-modernizacion-del-mercado-proximos-pasos-para-el-sector-electrico-en-debate\/#primaryimage","url":"https:\/\/www.psr-inc.com\/wp-content\/uploads\/2026\/04\/header-sitenovo-ER-abril.png","contentUrl":"https:\/\/www.psr-inc.com\/wp-content\/uploads\/2026\/04\/header-sitenovo-ER-abril.png","width":700,"height":450},{"@type":"BreadcrumbList","@id":"https:\/\/www.psr-inc.com\/es\/noticia-es\/doble-contabilidad-y-modernizacion-del-mercado-proximos-pasos-para-el-sector-electrico-en-debate\/#breadcrumb","itemListElement":[{"@type":"ListItem","position":1,"name":"Home","item":"https:\/\/www.psr-inc.com\/es\/"},{"@type":"ListItem","position":2,"name":"Not\u00edcias","item":"https:\/\/www.psr-inc.com\/es\/noticias-antigo\/"},{"@type":"ListItem","position":3,"name":"Doble contabilidad y modernizaci\u00f3n del mercado: pr\u00f3ximos pasos para el sector el\u00e9ctrico en debate"}]},{"@type":"WebSite","@id":"https:\/\/www.psr-inc.com\/es\/#website","url":"https:\/\/www.psr-inc.com\/es\/","name":"PSR","description":"","publisher":{"@id":"https:\/\/www.psr-inc.com\/es\/#organization"},"alternateName":"PSR Energy Consulting","potentialAction":[{"@type":"SearchAction","target":{"@type":"EntryPoint","urlTemplate":"https:\/\/www.psr-inc.com\/es\/?s={search_term_string}"},"query-input":{"@type":"PropertyValueSpecification","valueRequired":true,"valueName":"search_term_string"}}],"inLanguage":"es"},{"@type":"Organization","@id":"https:\/\/www.psr-inc.com\/es\/#organization","name":"PSR","alternateName":"PSR Energy Consulting","url":"https:\/\/www.psr-inc.com\/es\/","logo":{"@type":"ImageObject","inLanguage":"es","@id":"https:\/\/www.psr-inc.com\/es\/#\/schema\/logo\/image\/","url":"https:\/\/www.psr-inc.com\/wp-content\/uploads\/2023\/03\/logo-psr.svg","contentUrl":"https:\/\/www.psr-inc.com\/wp-content\/uploads\/2023\/03\/logo-psr.svg","width":1056,"height":816,"caption":"PSR"},"image":{"@id":"https:\/\/www.psr-inc.com\/es\/#\/schema\/logo\/image\/"},"sameAs":["https:\/\/www.facebook.com\/psrenergy","https:\/\/x.com\/psrenergy","https:\/\/www.instagram.com\/psrenergy\/","https:\/\/www.linkedin.com\/company\/psrenergy\/"]}]}},"_links":{"self":[{"href":"https:\/\/www.psr-inc.com\/es\/wp-json\/wp\/v2\/noticia\/1013735","targetHints":{"allow":["GET"]}}],"collection":[{"href":"https:\/\/www.psr-inc.com\/es\/wp-json\/wp\/v2\/noticia"}],"about":[{"href":"https:\/\/www.psr-inc.com\/es\/wp-json\/wp\/v2\/types\/noticia"}],"author":[{"embeddable":true,"href":"https:\/\/www.psr-inc.com\/es\/wp-json\/wp\/v2\/users\/4"}],"version-history":[{"count":2,"href":"https:\/\/www.psr-inc.com\/es\/wp-json\/wp\/v2\/noticia\/1013735\/revisions"}],"predecessor-version":[{"id":1013740,"href":"https:\/\/www.psr-inc.com\/es\/wp-json\/wp\/v2\/noticia\/1013735\/revisions\/1013740"}],"wp:featuredmedia":[{"embeddable":true,"href":"https:\/\/www.psr-inc.com\/es\/wp-json\/wp\/v2\/media\/1013728"}],"wp:attachment":[{"href":"https:\/\/www.psr-inc.com\/es\/wp-json\/wp\/v2\/media?parent=1013735"}],"wp:term":[{"taxonomy":"category","embeddable":true,"href":"https:\/\/www.psr-inc.com\/es\/wp-json\/wp\/v2\/categories?post=1013735"}],"curies":[{"name":"wp","href":"https:\/\/api.w.org\/{rel}","templated":true}]}}