{"id":1005608,"date":"2019-12-05T16:00:44","date_gmt":"2019-12-05T19:00:44","guid":{"rendered":"https:\/\/novosite.psr-inc.com\/noticia\/rafael-kelman-e-tarcisio-castro-participaram-do-seminario-disputa-pelo-uso-da-agua-e-sua-precificacao-para-o-setor-eletrico-onde-foi-realizado-o-lancamento-do-estudo-sobre-precificac\/"},"modified":"2025-08-18T14:24:37","modified_gmt":"2025-08-18T17:24:37","slug":"rafael-kelman-e-tarcisio-castro-participaram-do-seminario-disputa-pelo-uso-da-agua-e-sua-precificacao-para-o-setor-eletrico-onde-foi-realizado-o-lancamento-do-estudo-sobre-precificac","status":"publish","type":"noticia","link":"https:\/\/www.psr-inc.com\/pt-br\/noticia\/rafael-kelman-e-tarcisio-castro-participaram-do-seminario-disputa-pelo-uso-da-agua-e-sua-precificacao-para-o-setor-eletrico-onde-foi-realizado-o-lancamento-do-estudo-sobre-precificac\/","title":{"rendered":"Rafael Kelman e Tarcisio Castro participaram do semin\u00e1rio \u201cDisputa pelo uso da \u00e1gua e sua precifica\u00e7\u00e3o para o Setor El\u00e9trico\u201d onde foi realizado o lan\u00e7amento do estudo sobre precifica\u00e7\u00e3o da \u00e1gua para o Setor El\u00e9trico em cen\u00e1rio de escassez"},"content":{"rendered":"<div class=\"vgblk-rw-wrapper limit-wrapper\">O Instituto Escolhas e PSR lan\u00e7aram estudo sobre precifica\u00e7\u00e3o da \u00e1gua para o Setor El\u00e9trico em cen\u00e1rio de escassez. Um debate para o lan\u00e7amento do estudo foi realizado no audit\u00f3rio do jornal Folha de S\u00e3o Paulo na quinta-feira (28\/11).<\/p>\n<p>Em um contexto onde as mudan\u00e7as clim\u00e1ticas e o aumento do consumo de \u00e1gua \u2013 principalmente por causa da irriga\u00e7\u00e3o \u2013 v\u00e3o tornar os recursos h\u00eddricos cada vez disputados, o debate apontou caminhos para o pa\u00eds, com forte recomenda\u00e7\u00e3o de refor\u00e7ar a governan\u00e7a entre institui\u00e7\u00f5es e tornar efetivo um sistema nacional de gest\u00e3o dos recursos h\u00eddricos. Uma das grandes contribui\u00e7\u00f5es do trabalho, segundo Sergio Leit\u00e3o, diretor executivo do Instituto Escolhas, \u00e9 exatamente derrubar alguns paradigmas. \u201cA no\u00e7\u00e3o de que o pa\u00eds \u00e9 abundante em \u00e1gua \u00e9 um mito dos mais perigosos.\u201d<\/p>\n<p>Tr\u00eas estudos de caso foram avaliados:<\/p>\n<p>(1) Compara\u00e7\u00e3o do valor da \u00e1gua na bacia do rio S\u00e3o Francisco para produ\u00e7\u00e3o agr\u00edcola com o valor da \u00e1gua para produ\u00e7\u00e3o de energia el\u00e9trico e implica\u00e7\u00f5es de perda de gera\u00e7\u00e3o t\u00e9rmica num cen\u00e1rio de escassez profunda;<\/p>\n<p>(2) A seca do Cear\u00e1 e implica\u00e7\u00f5es para gera\u00e7\u00e3o t\u00e9rmica que capta agua no reservat\u00f3rio de Castanh\u00e3o. Neste caso desenvolveu-se uma metodologia (aderente ao estudo anterior desenvolvido pela PSR para o Escolhas, que comparou atributos das diversas fontes de energia) para internalizar no custo vari\u00e1vel unit\u00e1rio (CVU) das usinas t\u00e9rmicas do custo da \u00e1gua. Este deve considerar o n\u00edvel de criticidade h\u00eddrica por um lado e o sistema de resfriamento (que afeta o consumo da \u00e1gua) por outro.<\/p>\n<p>(3) Um debate sobre conflito do uso de \u00e1gua para a usina de Belo Monte. Mostrou-se as o impacto de eventual aumento da vaz\u00e3o ambiental no rio Xingu \u2013 uma recomenda\u00e7\u00e3o do Minist\u00e9rio P\u00fablico de Altamira \u2013 sobre aspectos energ\u00e9ticos e econ\u00f4micos.<\/p>\n<p>&nbsp;<\/p>\n<p><img decoding=\"async\" class=\"size-medium wp-image-2449 alignnone aligncenter\" src=\"http:\/\/portaldev.psr-inc.com\/wp-content\/uploads\/2022\/08\/Kelman03-300x142.jpg\" alt=\"\" width=\"300\" height=\"142\" \/> <img decoding=\"async\" class=\"size-medium wp-image-2452 alignnone aligncenter\" src=\"http:\/\/portaldev.psr-inc.com\/wp-content\/uploads\/2022\/08\/Kelman02-300x142.jpg\" alt=\"\" width=\"300\" height=\"142\" \/><\/p>\n<p>&nbsp;<\/p>\n<p>Veja a apresenta\u00e7\u00e3o do estudo \u201cSetor El\u00e9trico: como precificar a \u00e1gua em um cen\u00e1rio de escassez\u201d no link:\u00a0<a href=\"http:\/\/bit.ly\/33RwW2C\">http:\/\/bit.ly\/33RwW2C<\/a><\/p>\n<p>Leia o Sum\u00e1rio Executivo aqui:\u00a0<a href=\"http:\/\/bit.ly\/2Lmf2yI\">http:\/\/bit.ly\/2Lmf2yI<\/a><\/div>\n<p><!-- .vgblk-rw-wrapper --><\/p>\n","protected":false},"excerpt":{"rendered":"<p>O Instituto Escolhas e PSR lan\u00e7aram estudo sobre precifica\u00e7\u00e3o da \u00e1gua para o Setor El\u00e9trico em cen\u00e1rio de escassez. Um debate para o lan\u00e7amento do estudo foi realizado no audit\u00f3rio do jornal Folha de S\u00e3o Paulo na quinta-feira (28\/11). Em um contexto onde as mudan\u00e7as clim\u00e1ticas e o aumento do consumo de \u00e1gua \u2013 principalmente&#8230;<\/p>\n","protected":false},"author":1,"featured_media":998685,"template":"","meta":{"_acf_changed":false},"categories":[],"class_list":["post-1005608","noticia","type-noticia","status-publish","has-post-thumbnail","hentry"],"acf":[],"yoast_head":"<!-- This site is optimized with the Yoast SEO plugin v27.5 - https:\/\/yoast.com\/product\/yoast-seo-wordpress\/ -->\n<title>Rafael Kelman e Tarcisio Castro participaram do semin\u00e1rio \u201cDisputa pelo uso da \u00e1gua e sua precifica\u00e7\u00e3o para o Setor El\u00e9trico\u201d onde foi realizado o lan\u00e7amento do estudo sobre precifica\u00e7\u00e3o da \u00e1gua para o Setor El\u00e9trico em cen\u00e1rio de escassez - PSR Energy<\/title>\n<meta name=\"robots\" content=\"index, follow, max-snippet:-1, max-image-preview:large, max-video-preview:-1\" \/>\n<link rel=\"canonical\" href=\"https:\/\/www.psr-inc.com\/pt-br\/noticia\/rafael-kelman-e-tarcisio-castro-participaram-do-seminario-disputa-pelo-uso-da-agua-e-sua-precificacao-para-o-setor-eletrico-onde-foi-realizado-o-lancamento-do-estudo-sobre-precificac\/\" \/>\n<meta property=\"og:locale\" content=\"pt_BR\" \/>\n<meta property=\"og:type\" content=\"article\" \/>\n<meta property=\"og:title\" content=\"Rafael Kelman e Tarcisio Castro participaram do semin\u00e1rio \u201cDisputa pelo uso da \u00e1gua e sua precifica\u00e7\u00e3o para o Setor El\u00e9trico\u201d onde foi realizado o lan\u00e7amento do estudo sobre precifica\u00e7\u00e3o da \u00e1gua para o Setor El\u00e9trico em cen\u00e1rio de escassez - PSR Energy\" \/>\n<meta property=\"og:description\" content=\"O Instituto Escolhas e PSR lan\u00e7aram estudo sobre precifica\u00e7\u00e3o da \u00e1gua para o Setor El\u00e9trico em cen\u00e1rio de escassez. Um debate para o lan\u00e7amento do estudo foi realizado no audit\u00f3rio do jornal Folha de S\u00e3o Paulo na quinta-feira (28\/11). Em um contexto onde as mudan\u00e7as clim\u00e1ticas e o aumento do consumo de \u00e1gua \u2013 principalmente...\" \/>\n<meta property=\"og:url\" content=\"https:\/\/www.psr-inc.com\/pt-br\/noticia\/rafael-kelman-e-tarcisio-castro-participaram-do-seminario-disputa-pelo-uso-da-agua-e-sua-precificacao-para-o-setor-eletrico-onde-foi-realizado-o-lancamento-do-estudo-sobre-precificac\/\" \/>\n<meta property=\"og:site_name\" content=\"PSR Energy\" \/>\n<meta property=\"article:publisher\" content=\"https:\/\/www.facebook.com\/psrenergy\" \/>\n<meta property=\"article:modified_time\" content=\"2025-08-18T17:24:37+00:00\" \/>\n<meta property=\"og:image\" content=\"https:\/\/www.psr-inc.com\/wp-content\/uploads\/2025\/08\/Kelman01.jpg\" \/>\n\t<meta property=\"og:image:width\" content=\"1015\" \/>\n\t<meta property=\"og:image:height\" content=\"481\" \/>\n\t<meta property=\"og:image:type\" content=\"image\/jpeg\" \/>\n<meta name=\"twitter:card\" content=\"summary_large_image\" \/>\n<meta name=\"twitter:site\" content=\"@psrenergy\" \/>\n<meta name=\"twitter:label1\" content=\"Est. tempo de leitura\" \/>\n\t<meta name=\"twitter:data1\" content=\"2 minutos\" \/>\n<script type=\"application\/ld+json\" class=\"yoast-schema-graph\">{\"@context\":\"https:\\\/\\\/schema.org\",\"@graph\":[{\"@type\":\"WebPage\",\"@id\":\"https:\\\/\\\/www.psr-inc.com\\\/pt-br\\\/noticia\\\/rafael-kelman-e-tarcisio-castro-participaram-do-seminario-disputa-pelo-uso-da-agua-e-sua-precificacao-para-o-setor-eletrico-onde-foi-realizado-o-lancamento-do-estudo-sobre-precificac\\\/\",\"url\":\"https:\\\/\\\/www.psr-inc.com\\\/pt-br\\\/noticia\\\/rafael-kelman-e-tarcisio-castro-participaram-do-seminario-disputa-pelo-uso-da-agua-e-sua-precificacao-para-o-setor-eletrico-onde-foi-realizado-o-lancamento-do-estudo-sobre-precificac\\\/\",\"name\":\"Rafael Kelman e Tarcisio Castro participaram do semin\u00e1rio \u201cDisputa pelo uso da \u00e1gua e sua precifica\u00e7\u00e3o para o Setor El\u00e9trico\u201d onde foi realizado o lan\u00e7amento do estudo sobre precifica\u00e7\u00e3o da \u00e1gua para o Setor El\u00e9trico em cen\u00e1rio de escassez - PSR Energy\",\"isPartOf\":{\"@id\":\"https:\\\/\\\/www.psr-inc.com\\\/pt-br\\\/#website\"},\"primaryImageOfPage\":{\"@id\":\"https:\\\/\\\/www.psr-inc.com\\\/pt-br\\\/noticia\\\/rafael-kelman-e-tarcisio-castro-participaram-do-seminario-disputa-pelo-uso-da-agua-e-sua-precificacao-para-o-setor-eletrico-onde-foi-realizado-o-lancamento-do-estudo-sobre-precificac\\\/#primaryimage\"},\"image\":{\"@id\":\"https:\\\/\\\/www.psr-inc.com\\\/pt-br\\\/noticia\\\/rafael-kelman-e-tarcisio-castro-participaram-do-seminario-disputa-pelo-uso-da-agua-e-sua-precificacao-para-o-setor-eletrico-onde-foi-realizado-o-lancamento-do-estudo-sobre-precificac\\\/#primaryimage\"},\"thumbnailUrl\":\"https:\\\/\\\/www.psr-inc.com\\\/wp-content\\\/uploads\\\/2025\\\/08\\\/Kelman01.jpg\",\"datePublished\":\"2019-12-05T19:00:44+00:00\",\"dateModified\":\"2025-08-18T17:24:37+00:00\",\"breadcrumb\":{\"@id\":\"https:\\\/\\\/www.psr-inc.com\\\/pt-br\\\/noticia\\\/rafael-kelman-e-tarcisio-castro-participaram-do-seminario-disputa-pelo-uso-da-agua-e-sua-precificacao-para-o-setor-eletrico-onde-foi-realizado-o-lancamento-do-estudo-sobre-precificac\\\/#breadcrumb\"},\"inLanguage\":\"pt-BR\",\"potentialAction\":[{\"@type\":\"ReadAction\",\"target\":[\"https:\\\/\\\/www.psr-inc.com\\\/pt-br\\\/noticia\\\/rafael-kelman-e-tarcisio-castro-participaram-do-seminario-disputa-pelo-uso-da-agua-e-sua-precificacao-para-o-setor-eletrico-onde-foi-realizado-o-lancamento-do-estudo-sobre-precificac\\\/\"]}]},{\"@type\":\"ImageObject\",\"inLanguage\":\"pt-BR\",\"@id\":\"https:\\\/\\\/www.psr-inc.com\\\/pt-br\\\/noticia\\\/rafael-kelman-e-tarcisio-castro-participaram-do-seminario-disputa-pelo-uso-da-agua-e-sua-precificacao-para-o-setor-eletrico-onde-foi-realizado-o-lancamento-do-estudo-sobre-precificac\\\/#primaryimage\",\"url\":\"https:\\\/\\\/www.psr-inc.com\\\/wp-content\\\/uploads\\\/2025\\\/08\\\/Kelman01.jpg\",\"contentUrl\":\"https:\\\/\\\/www.psr-inc.com\\\/wp-content\\\/uploads\\\/2025\\\/08\\\/Kelman01.jpg\",\"width\":1015,\"height\":481},{\"@type\":\"BreadcrumbList\",\"@id\":\"https:\\\/\\\/www.psr-inc.com\\\/pt-br\\\/noticia\\\/rafael-kelman-e-tarcisio-castro-participaram-do-seminario-disputa-pelo-uso-da-agua-e-sua-precificacao-para-o-setor-eletrico-onde-foi-realizado-o-lancamento-do-estudo-sobre-precificac\\\/#breadcrumb\",\"itemListElement\":[{\"@type\":\"ListItem\",\"position\":1,\"name\":\"Home\",\"item\":\"https:\\\/\\\/www.psr-inc.com\\\/pt-br\\\/\"},{\"@type\":\"ListItem\",\"position\":2,\"name\":\"Not\u00edcias\",\"item\":\"https:\\\/\\\/www.psr-inc.com\\\/pt-br\\\/noticias-antigo\\\/\"},{\"@type\":\"ListItem\",\"position\":3,\"name\":\"Rafael Kelman e Tarcisio Castro participaram do semin\u00e1rio \u201cDisputa pelo uso da \u00e1gua e sua precifica\u00e7\u00e3o para o Setor El\u00e9trico\u201d onde foi realizado o lan\u00e7amento do estudo sobre precifica\u00e7\u00e3o da \u00e1gua para o Setor El\u00e9trico em cen\u00e1rio de escassez\"}]},{\"@type\":\"WebSite\",\"@id\":\"https:\\\/\\\/www.psr-inc.com\\\/pt-br\\\/#website\",\"url\":\"https:\\\/\\\/www.psr-inc.com\\\/pt-br\\\/\",\"name\":\"PSR\",\"description\":\"\",\"publisher\":{\"@id\":\"https:\\\/\\\/www.psr-inc.com\\\/pt-br\\\/#organization\"},\"alternateName\":\"PSR Energy Consulting\",\"potentialAction\":[{\"@type\":\"SearchAction\",\"target\":{\"@type\":\"EntryPoint\",\"urlTemplate\":\"https:\\\/\\\/www.psr-inc.com\\\/pt-br\\\/?s={search_term_string}\"},\"query-input\":{\"@type\":\"PropertyValueSpecification\",\"valueRequired\":true,\"valueName\":\"search_term_string\"}}],\"inLanguage\":\"pt-BR\"},{\"@type\":\"Organization\",\"@id\":\"https:\\\/\\\/www.psr-inc.com\\\/pt-br\\\/#organization\",\"name\":\"PSR\",\"alternateName\":\"PSR Energy Consulting\",\"url\":\"https:\\\/\\\/www.psr-inc.com\\\/pt-br\\\/\",\"logo\":{\"@type\":\"ImageObject\",\"inLanguage\":\"pt-BR\",\"@id\":\"https:\\\/\\\/www.psr-inc.com\\\/pt-br\\\/#\\\/schema\\\/logo\\\/image\\\/\",\"url\":\"https:\\\/\\\/www.psr-inc.com\\\/wp-content\\\/uploads\\\/2023\\\/03\\\/logo-psr.svg\",\"contentUrl\":\"https:\\\/\\\/www.psr-inc.com\\\/wp-content\\\/uploads\\\/2023\\\/03\\\/logo-psr.svg\",\"width\":1056,\"height\":816,\"caption\":\"PSR\"},\"image\":{\"@id\":\"https:\\\/\\\/www.psr-inc.com\\\/pt-br\\\/#\\\/schema\\\/logo\\\/image\\\/\"},\"sameAs\":[\"https:\\\/\\\/www.facebook.com\\\/psrenergy\",\"https:\\\/\\\/x.com\\\/psrenergy\",\"https:\\\/\\\/www.instagram.com\\\/psrenergy\\\/\",\"https:\\\/\\\/www.linkedin.com\\\/company\\\/psrenergy\\\/\"]}]}<\/script>\n<!-- \/ Yoast SEO plugin. -->","yoast_head_json":{"title":"Rafael Kelman e Tarcisio Castro participaram do semin\u00e1rio \u201cDisputa pelo uso da \u00e1gua e sua precifica\u00e7\u00e3o para o Setor El\u00e9trico\u201d onde foi realizado o lan\u00e7amento do estudo sobre precifica\u00e7\u00e3o da \u00e1gua para o Setor El\u00e9trico em cen\u00e1rio de escassez - PSR Energy","robots":{"index":"index","follow":"follow","max-snippet":"max-snippet:-1","max-image-preview":"max-image-preview:large","max-video-preview":"max-video-preview:-1"},"canonical":"https:\/\/www.psr-inc.com\/pt-br\/noticia\/rafael-kelman-e-tarcisio-castro-participaram-do-seminario-disputa-pelo-uso-da-agua-e-sua-precificacao-para-o-setor-eletrico-onde-foi-realizado-o-lancamento-do-estudo-sobre-precificac\/","og_locale":"pt_BR","og_type":"article","og_title":"Rafael Kelman e Tarcisio Castro participaram do semin\u00e1rio \u201cDisputa pelo uso da \u00e1gua e sua precifica\u00e7\u00e3o para o Setor El\u00e9trico\u201d onde foi realizado o lan\u00e7amento do estudo sobre precifica\u00e7\u00e3o da \u00e1gua para o Setor El\u00e9trico em cen\u00e1rio de escassez - PSR Energy","og_description":"O Instituto Escolhas e PSR lan\u00e7aram estudo sobre precifica\u00e7\u00e3o da \u00e1gua para o Setor El\u00e9trico em cen\u00e1rio de escassez. Um debate para o lan\u00e7amento do estudo foi realizado no audit\u00f3rio do jornal Folha de S\u00e3o Paulo na quinta-feira (28\/11). Em um contexto onde as mudan\u00e7as clim\u00e1ticas e o aumento do consumo de \u00e1gua \u2013 principalmente...","og_url":"https:\/\/www.psr-inc.com\/pt-br\/noticia\/rafael-kelman-e-tarcisio-castro-participaram-do-seminario-disputa-pelo-uso-da-agua-e-sua-precificacao-para-o-setor-eletrico-onde-foi-realizado-o-lancamento-do-estudo-sobre-precificac\/","og_site_name":"PSR Energy","article_publisher":"https:\/\/www.facebook.com\/psrenergy","article_modified_time":"2025-08-18T17:24:37+00:00","og_image":[{"width":1015,"height":481,"url":"https:\/\/www.psr-inc.com\/wp-content\/uploads\/2025\/08\/Kelman01.jpg","type":"image\/jpeg"}],"twitter_card":"summary_large_image","twitter_site":"@psrenergy","twitter_misc":{"Est. tempo de leitura":"2 minutos"},"schema":{"@context":"https:\/\/schema.org","@graph":[{"@type":"WebPage","@id":"https:\/\/www.psr-inc.com\/pt-br\/noticia\/rafael-kelman-e-tarcisio-castro-participaram-do-seminario-disputa-pelo-uso-da-agua-e-sua-precificacao-para-o-setor-eletrico-onde-foi-realizado-o-lancamento-do-estudo-sobre-precificac\/","url":"https:\/\/www.psr-inc.com\/pt-br\/noticia\/rafael-kelman-e-tarcisio-castro-participaram-do-seminario-disputa-pelo-uso-da-agua-e-sua-precificacao-para-o-setor-eletrico-onde-foi-realizado-o-lancamento-do-estudo-sobre-precificac\/","name":"Rafael Kelman e Tarcisio Castro participaram do semin\u00e1rio \u201cDisputa pelo uso da \u00e1gua e sua precifica\u00e7\u00e3o para o Setor El\u00e9trico\u201d onde foi realizado o lan\u00e7amento do estudo sobre precifica\u00e7\u00e3o da \u00e1gua para o Setor El\u00e9trico em cen\u00e1rio de escassez - PSR Energy","isPartOf":{"@id":"https:\/\/www.psr-inc.com\/pt-br\/#website"},"primaryImageOfPage":{"@id":"https:\/\/www.psr-inc.com\/pt-br\/noticia\/rafael-kelman-e-tarcisio-castro-participaram-do-seminario-disputa-pelo-uso-da-agua-e-sua-precificacao-para-o-setor-eletrico-onde-foi-realizado-o-lancamento-do-estudo-sobre-precificac\/#primaryimage"},"image":{"@id":"https:\/\/www.psr-inc.com\/pt-br\/noticia\/rafael-kelman-e-tarcisio-castro-participaram-do-seminario-disputa-pelo-uso-da-agua-e-sua-precificacao-para-o-setor-eletrico-onde-foi-realizado-o-lancamento-do-estudo-sobre-precificac\/#primaryimage"},"thumbnailUrl":"https:\/\/www.psr-inc.com\/wp-content\/uploads\/2025\/08\/Kelman01.jpg","datePublished":"2019-12-05T19:00:44+00:00","dateModified":"2025-08-18T17:24:37+00:00","breadcrumb":{"@id":"https:\/\/www.psr-inc.com\/pt-br\/noticia\/rafael-kelman-e-tarcisio-castro-participaram-do-seminario-disputa-pelo-uso-da-agua-e-sua-precificacao-para-o-setor-eletrico-onde-foi-realizado-o-lancamento-do-estudo-sobre-precificac\/#breadcrumb"},"inLanguage":"pt-BR","potentialAction":[{"@type":"ReadAction","target":["https:\/\/www.psr-inc.com\/pt-br\/noticia\/rafael-kelman-e-tarcisio-castro-participaram-do-seminario-disputa-pelo-uso-da-agua-e-sua-precificacao-para-o-setor-eletrico-onde-foi-realizado-o-lancamento-do-estudo-sobre-precificac\/"]}]},{"@type":"ImageObject","inLanguage":"pt-BR","@id":"https:\/\/www.psr-inc.com\/pt-br\/noticia\/rafael-kelman-e-tarcisio-castro-participaram-do-seminario-disputa-pelo-uso-da-agua-e-sua-precificacao-para-o-setor-eletrico-onde-foi-realizado-o-lancamento-do-estudo-sobre-precificac\/#primaryimage","url":"https:\/\/www.psr-inc.com\/wp-content\/uploads\/2025\/08\/Kelman01.jpg","contentUrl":"https:\/\/www.psr-inc.com\/wp-content\/uploads\/2025\/08\/Kelman01.jpg","width":1015,"height":481},{"@type":"BreadcrumbList","@id":"https:\/\/www.psr-inc.com\/pt-br\/noticia\/rafael-kelman-e-tarcisio-castro-participaram-do-seminario-disputa-pelo-uso-da-agua-e-sua-precificacao-para-o-setor-eletrico-onde-foi-realizado-o-lancamento-do-estudo-sobre-precificac\/#breadcrumb","itemListElement":[{"@type":"ListItem","position":1,"name":"Home","item":"https:\/\/www.psr-inc.com\/pt-br\/"},{"@type":"ListItem","position":2,"name":"Not\u00edcias","item":"https:\/\/www.psr-inc.com\/pt-br\/noticias-antigo\/"},{"@type":"ListItem","position":3,"name":"Rafael Kelman e Tarcisio Castro participaram do semin\u00e1rio \u201cDisputa pelo uso da \u00e1gua e sua precifica\u00e7\u00e3o para o Setor El\u00e9trico\u201d onde foi realizado o lan\u00e7amento do estudo sobre precifica\u00e7\u00e3o da \u00e1gua para o Setor El\u00e9trico em cen\u00e1rio de escassez"}]},{"@type":"WebSite","@id":"https:\/\/www.psr-inc.com\/pt-br\/#website","url":"https:\/\/www.psr-inc.com\/pt-br\/","name":"PSR","description":"","publisher":{"@id":"https:\/\/www.psr-inc.com\/pt-br\/#organization"},"alternateName":"PSR Energy Consulting","potentialAction":[{"@type":"SearchAction","target":{"@type":"EntryPoint","urlTemplate":"https:\/\/www.psr-inc.com\/pt-br\/?s={search_term_string}"},"query-input":{"@type":"PropertyValueSpecification","valueRequired":true,"valueName":"search_term_string"}}],"inLanguage":"pt-BR"},{"@type":"Organization","@id":"https:\/\/www.psr-inc.com\/pt-br\/#organization","name":"PSR","alternateName":"PSR Energy Consulting","url":"https:\/\/www.psr-inc.com\/pt-br\/","logo":{"@type":"ImageObject","inLanguage":"pt-BR","@id":"https:\/\/www.psr-inc.com\/pt-br\/#\/schema\/logo\/image\/","url":"https:\/\/www.psr-inc.com\/wp-content\/uploads\/2023\/03\/logo-psr.svg","contentUrl":"https:\/\/www.psr-inc.com\/wp-content\/uploads\/2023\/03\/logo-psr.svg","width":1056,"height":816,"caption":"PSR"},"image":{"@id":"https:\/\/www.psr-inc.com\/pt-br\/#\/schema\/logo\/image\/"},"sameAs":["https:\/\/www.facebook.com\/psrenergy","https:\/\/x.com\/psrenergy","https:\/\/www.instagram.com\/psrenergy\/","https:\/\/www.linkedin.com\/company\/psrenergy\/"]}]}},"_links":{"self":[{"href":"https:\/\/www.psr-inc.com\/pt-br\/wp-json\/wp\/v2\/noticia\/1005608","targetHints":{"allow":["GET"]}}],"collection":[{"href":"https:\/\/www.psr-inc.com\/pt-br\/wp-json\/wp\/v2\/noticia"}],"about":[{"href":"https:\/\/www.psr-inc.com\/pt-br\/wp-json\/wp\/v2\/types\/noticia"}],"author":[{"embeddable":true,"href":"https:\/\/www.psr-inc.com\/pt-br\/wp-json\/wp\/v2\/users\/1"}],"version-history":[{"count":1,"href":"https:\/\/www.psr-inc.com\/pt-br\/wp-json\/wp\/v2\/noticia\/1005608\/revisions"}],"predecessor-version":[{"id":1005609,"href":"https:\/\/www.psr-inc.com\/pt-br\/wp-json\/wp\/v2\/noticia\/1005608\/revisions\/1005609"}],"wp:featuredmedia":[{"embeddable":true,"href":"https:\/\/www.psr-inc.com\/pt-br\/wp-json\/wp\/v2\/media\/998685"}],"wp:attachment":[{"href":"https:\/\/www.psr-inc.com\/pt-br\/wp-json\/wp\/v2\/media?parent=1005608"}],"wp:term":[{"taxonomy":"category","embeddable":true,"href":"https:\/\/www.psr-inc.com\/pt-br\/wp-json\/wp\/v2\/categories?post=1005608"}],"curies":[{"name":"wp","href":"https:\/\/api.w.org\/{rel}","templated":true}]}}