{"id":1005615,"date":"2019-10-03T16:00:57","date_gmt":"2019-10-03T19:00:57","guid":{"rendered":"https:\/\/novosite.psr-inc.com\/noticia\/transicao-e-integracao-energetica-nos-paises-ibero-americanos-a-fgv-recebe-a-psr-e-outros-agentes-do-setor-para-este-importante-seminario\/"},"modified":"2025-08-18T14:24:39","modified_gmt":"2025-08-18T17:24:39","slug":"transicao-e-integracao-energetica-nos-paises-ibero-americanos-a-fgv-recebe-a-psr-e-outros-agentes-do-setor-para-este-importante-seminario","status":"publish","type":"noticia","link":"https:\/\/www.psr-inc.com\/pt-br\/noticia\/transicao-e-integracao-energetica-nos-paises-ibero-americanos-a-fgv-recebe-a-psr-e-outros-agentes-do-setor-para-este-importante-seminario\/","title":{"rendered":"Transi\u00e7\u00e3o e Integra\u00e7\u00e3o Energ\u00e9tica nos Pa\u00edses Ibero-americanos \u2013 A FGV recebe a PSR e outros agentes do setor para este importante semin\u00e1rio"},"content":{"rendered":"<div class=\"vgblk-rw-wrapper limit-wrapper\">Realizado no dia 27 de setembro, na FGV, organizado pela Associa\u00e7\u00e3o Iberoamericana de Entidades Reguladoras de Energia (ARIAE) e ANEEL em parceria com a FGV, o Semin\u00e1rio Internacional sobre &#8220;Transi\u00e7\u00e3o e Integra\u00e7\u00e3o Energ\u00e9tica nos Pa\u00edses Ibero-americanos\u201d reuniu autoridades nacionais e internacionais para debater sobre integra\u00e7\u00e3o energ\u00e9tica na Am\u00e9rica Latina e nos mercados Europeus (Espanha e Portugal), o cen\u00e1rio de transi\u00e7\u00e3o energ\u00e9tica e os desafios de abertura do mercado livre, incluindo tamb\u00e9m discuss\u00f5es sobre o mercado de g\u00e1s.<\/p>\n<p>O semin\u00e1rio foi dividido em tr\u00eas pain\u00e9is al\u00e9m da Abertura que contou com os discursos do ministro Bento Albuquerque, do presidente da Eletronuclear Leonam dos Santos Guimar\u00e3es e do presidente do BNDES, Gustavo Montezano. A grande novidade foi o comprometimento do BNDES com a expans\u00e3o do mercado livre e a infraestrutura do setor de g\u00e1s.<\/p>\n<p>Luiz Barroso participou do 2\u00ba painel sobre os Desafios da abertura de mercado no cen\u00e1rio de transi\u00e7\u00e3o energ\u00e9tica e destacou os desafios e necessidades de adapta\u00e7\u00e3o regulat\u00f3ria para acomodar as mudan\u00e7as no setor, mas com mecanismos que permitam acomodar legados e incentivar inova\u00e7\u00f5es. Neste painel, o presidente da EPE, Thiago Barral, tamb\u00e9m destacou a import\u00e2ncia da regula\u00e7\u00e3o se adaptar para que as necessidades do sistema possam ser endere\u00e7adas de forma sustent\u00e1vel. Al\u00e9m disso, ele apresentou sobre o crit\u00e9rio de suprimento e separa\u00e7\u00e3o lastro e energia, resultados do trabalho do Grupo de Moderniza\u00e7\u00e3o do Setor El\u00e9trico do MME.<\/p>\n<p>Ressalta-se ainda a apresenta\u00e7\u00e3o do Adriano Pires (Diretor do Centro Brasileiro de Infraestrutura) destacando os &#8220;subs\u00eddios cruzados&#8221; insustent\u00e1veis entre mercado livre e regulado e necessidade de termos regula\u00e7\u00e3o para o g\u00e1s. Segundo ele, o g\u00e1s n\u00e3o foi &#8220;impulsionado&#8221; devido a uma esp\u00e9cie de problema do &#8220;ovo e da galinha&#8221;: n\u00e3o temos mercado para impulsionar a infraestrutura, mas que por n\u00e3o ter infraestrutura n\u00e3o existe demanda.<\/p>\n<p>No \u00faltimo painel sobre mercado de g\u00e1s, foi discutido com a ANEEL, a ANP e ARIAE sobre a necessidade da maior integra\u00e7\u00e3o entre g\u00e1s e energia el\u00e9trica e enfatizaram que o setor el\u00e9trico, atrav\u00e9s das t\u00e9rmicas com a flexibilidade locacional, pode &#8220;impulsionar&#8221; a interioriza\u00e7\u00e3o da rede de g\u00e1s (hoje concentrada predominantemente no litoral). Dessa forma, o mercado come\u00e7a a discutir sobre a integra\u00e7\u00e3o desses dois setores e da relev\u00e2ncia do setor el\u00e9trico no crescimento sustent\u00e1vel do mercado de g\u00e1s.<\/p>\n<p>Outros assuntos, como a revis\u00e3o do Anexo C do Tratado de Itaipu, a relev\u00e2ncia do Brasil para a integra\u00e7\u00e3o energ\u00e9tica da Am\u00e9rica Latina e a revis\u00e3o dos subs\u00eddios das GDs tamb\u00e9m foram endere\u00e7ados durante o evento.<\/p>\n<p>&nbsp;<\/p>\n<p><img decoding=\"async\" class=\"alignnone size-medium wp-image-2465\" src=\"http:\/\/portaldev.psr-inc.com\/wp-content\/uploads\/2022\/08\/Transicao_e_Integracao_Energetica_224_640x303-300x142.jpg\" alt=\"\" width=\"300\" height=\"142\" \/> <img decoding=\"async\" class=\"alignnone size-medium wp-image-2468\" src=\"http:\/\/portaldev.psr-inc.com\/wp-content\/uploads\/2022\/08\/Transicao_e_Integracao_Energetica_198_640x303-300x142.jpg\" alt=\"\" width=\"300\" height=\"142\" \/><\/div>\n<p><!-- .vgblk-rw-wrapper --><\/p>\n","protected":false},"excerpt":{"rendered":"<p>Realizado no dia 27 de setembro, na FGV, organizado pela Associa\u00e7\u00e3o Iberoamericana de Entidades Reguladoras de Energia (ARIAE) e ANEEL em parceria com a FGV, o Semin\u00e1rio Internacional sobre &#8220;Transi\u00e7\u00e3o e Integra\u00e7\u00e3o Energ\u00e9tica nos Pa\u00edses Ibero-americanos\u201d reuniu autoridades nacionais e internacionais para debater sobre integra\u00e7\u00e3o energ\u00e9tica na Am\u00e9rica Latina e nos mercados Europeus (Espanha e&#8230;<\/p>\n","protected":false},"author":1,"featured_media":998688,"template":"","meta":{"_acf_changed":false},"categories":[],"class_list":["post-1005615","noticia","type-noticia","status-publish","has-post-thumbnail","hentry"],"acf":[],"yoast_head":"<!-- This site is optimized with the Yoast SEO plugin v27.5 - https:\/\/yoast.com\/product\/yoast-seo-wordpress\/ -->\n<title>Transi\u00e7\u00e3o e Integra\u00e7\u00e3o Energ\u00e9tica nos Pa\u00edses Ibero-americanos \u2013 A FGV recebe a PSR e outros agentes do setor para este importante semin\u00e1rio - PSR Energy<\/title>\n<meta name=\"robots\" content=\"index, follow, max-snippet:-1, max-image-preview:large, max-video-preview:-1\" \/>\n<link rel=\"canonical\" href=\"https:\/\/www.psr-inc.com\/pt-br\/noticia\/transicao-e-integracao-energetica-nos-paises-ibero-americanos-a-fgv-recebe-a-psr-e-outros-agentes-do-setor-para-este-importante-seminario\/\" \/>\n<meta property=\"og:locale\" content=\"pt_BR\" \/>\n<meta property=\"og:type\" content=\"article\" \/>\n<meta property=\"og:title\" content=\"Transi\u00e7\u00e3o e Integra\u00e7\u00e3o Energ\u00e9tica nos Pa\u00edses Ibero-americanos \u2013 A FGV recebe a PSR e outros agentes do setor para este importante semin\u00e1rio - PSR Energy\" \/>\n<meta property=\"og:description\" content=\"Realizado no dia 27 de setembro, na FGV, organizado pela Associa\u00e7\u00e3o Iberoamericana de Entidades Reguladoras de Energia (ARIAE) e ANEEL em parceria com a FGV, o Semin\u00e1rio Internacional sobre &#8220;Transi\u00e7\u00e3o e Integra\u00e7\u00e3o Energ\u00e9tica nos Pa\u00edses Ibero-americanos\u201d reuniu autoridades nacionais e internacionais para debater sobre integra\u00e7\u00e3o energ\u00e9tica na Am\u00e9rica Latina e nos mercados Europeus (Espanha e...\" \/>\n<meta property=\"og:url\" content=\"https:\/\/www.psr-inc.com\/pt-br\/noticia\/transicao-e-integracao-energetica-nos-paises-ibero-americanos-a-fgv-recebe-a-psr-e-outros-agentes-do-setor-para-este-importante-seminario\/\" \/>\n<meta property=\"og:site_name\" content=\"PSR Energy\" \/>\n<meta property=\"article:publisher\" content=\"https:\/\/www.facebook.com\/psrenergy\" \/>\n<meta property=\"article:modified_time\" content=\"2025-08-18T17:24:39+00:00\" \/>\n<meta property=\"og:image\" content=\"https:\/\/www.psr-inc.com\/wp-content\/uploads\/2025\/08\/Transicao_e_Integracao_Energetica_189_640x303.jpg\" \/>\n\t<meta property=\"og:image:width\" content=\"1015\" \/>\n\t<meta property=\"og:image:height\" content=\"481\" \/>\n\t<meta property=\"og:image:type\" content=\"image\/jpeg\" \/>\n<meta name=\"twitter:card\" content=\"summary_large_image\" \/>\n<meta name=\"twitter:site\" content=\"@psrenergy\" \/>\n<meta name=\"twitter:label1\" content=\"Est. tempo de leitura\" \/>\n\t<meta name=\"twitter:data1\" content=\"2 minutos\" \/>\n<script type=\"application\/ld+json\" class=\"yoast-schema-graph\">{\"@context\":\"https:\\\/\\\/schema.org\",\"@graph\":[{\"@type\":\"WebPage\",\"@id\":\"https:\\\/\\\/www.psr-inc.com\\\/pt-br\\\/noticia\\\/transicao-e-integracao-energetica-nos-paises-ibero-americanos-a-fgv-recebe-a-psr-e-outros-agentes-do-setor-para-este-importante-seminario\\\/\",\"url\":\"https:\\\/\\\/www.psr-inc.com\\\/pt-br\\\/noticia\\\/transicao-e-integracao-energetica-nos-paises-ibero-americanos-a-fgv-recebe-a-psr-e-outros-agentes-do-setor-para-este-importante-seminario\\\/\",\"name\":\"Transi\u00e7\u00e3o e Integra\u00e7\u00e3o Energ\u00e9tica nos Pa\u00edses Ibero-americanos \u2013 A FGV recebe a PSR e outros agentes do setor para este importante semin\u00e1rio - PSR Energy\",\"isPartOf\":{\"@id\":\"https:\\\/\\\/www.psr-inc.com\\\/pt-br\\\/#website\"},\"primaryImageOfPage\":{\"@id\":\"https:\\\/\\\/www.psr-inc.com\\\/pt-br\\\/noticia\\\/transicao-e-integracao-energetica-nos-paises-ibero-americanos-a-fgv-recebe-a-psr-e-outros-agentes-do-setor-para-este-importante-seminario\\\/#primaryimage\"},\"image\":{\"@id\":\"https:\\\/\\\/www.psr-inc.com\\\/pt-br\\\/noticia\\\/transicao-e-integracao-energetica-nos-paises-ibero-americanos-a-fgv-recebe-a-psr-e-outros-agentes-do-setor-para-este-importante-seminario\\\/#primaryimage\"},\"thumbnailUrl\":\"https:\\\/\\\/www.psr-inc.com\\\/wp-content\\\/uploads\\\/2025\\\/08\\\/Transicao_e_Integracao_Energetica_189_640x303.jpg\",\"datePublished\":\"2019-10-03T19:00:57+00:00\",\"dateModified\":\"2025-08-18T17:24:39+00:00\",\"breadcrumb\":{\"@id\":\"https:\\\/\\\/www.psr-inc.com\\\/pt-br\\\/noticia\\\/transicao-e-integracao-energetica-nos-paises-ibero-americanos-a-fgv-recebe-a-psr-e-outros-agentes-do-setor-para-este-importante-seminario\\\/#breadcrumb\"},\"inLanguage\":\"pt-BR\",\"potentialAction\":[{\"@type\":\"ReadAction\",\"target\":[\"https:\\\/\\\/www.psr-inc.com\\\/pt-br\\\/noticia\\\/transicao-e-integracao-energetica-nos-paises-ibero-americanos-a-fgv-recebe-a-psr-e-outros-agentes-do-setor-para-este-importante-seminario\\\/\"]}]},{\"@type\":\"ImageObject\",\"inLanguage\":\"pt-BR\",\"@id\":\"https:\\\/\\\/www.psr-inc.com\\\/pt-br\\\/noticia\\\/transicao-e-integracao-energetica-nos-paises-ibero-americanos-a-fgv-recebe-a-psr-e-outros-agentes-do-setor-para-este-importante-seminario\\\/#primaryimage\",\"url\":\"https:\\\/\\\/www.psr-inc.com\\\/wp-content\\\/uploads\\\/2025\\\/08\\\/Transicao_e_Integracao_Energetica_189_640x303.jpg\",\"contentUrl\":\"https:\\\/\\\/www.psr-inc.com\\\/wp-content\\\/uploads\\\/2025\\\/08\\\/Transicao_e_Integracao_Energetica_189_640x303.jpg\",\"width\":1015,\"height\":481},{\"@type\":\"BreadcrumbList\",\"@id\":\"https:\\\/\\\/www.psr-inc.com\\\/pt-br\\\/noticia\\\/transicao-e-integracao-energetica-nos-paises-ibero-americanos-a-fgv-recebe-a-psr-e-outros-agentes-do-setor-para-este-importante-seminario\\\/#breadcrumb\",\"itemListElement\":[{\"@type\":\"ListItem\",\"position\":1,\"name\":\"Home\",\"item\":\"https:\\\/\\\/www.psr-inc.com\\\/pt-br\\\/\"},{\"@type\":\"ListItem\",\"position\":2,\"name\":\"Not\u00edcias\",\"item\":\"https:\\\/\\\/www.psr-inc.com\\\/pt-br\\\/noticias-antigo\\\/\"},{\"@type\":\"ListItem\",\"position\":3,\"name\":\"Transi\u00e7\u00e3o e Integra\u00e7\u00e3o Energ\u00e9tica nos Pa\u00edses Ibero-americanos \u2013 A FGV recebe a PSR e outros agentes do setor para este importante semin\u00e1rio\"}]},{\"@type\":\"WebSite\",\"@id\":\"https:\\\/\\\/www.psr-inc.com\\\/pt-br\\\/#website\",\"url\":\"https:\\\/\\\/www.psr-inc.com\\\/pt-br\\\/\",\"name\":\"PSR\",\"description\":\"\",\"publisher\":{\"@id\":\"https:\\\/\\\/www.psr-inc.com\\\/pt-br\\\/#organization\"},\"alternateName\":\"PSR Energy Consulting\",\"potentialAction\":[{\"@type\":\"SearchAction\",\"target\":{\"@type\":\"EntryPoint\",\"urlTemplate\":\"https:\\\/\\\/www.psr-inc.com\\\/pt-br\\\/?s={search_term_string}\"},\"query-input\":{\"@type\":\"PropertyValueSpecification\",\"valueRequired\":true,\"valueName\":\"search_term_string\"}}],\"inLanguage\":\"pt-BR\"},{\"@type\":\"Organization\",\"@id\":\"https:\\\/\\\/www.psr-inc.com\\\/pt-br\\\/#organization\",\"name\":\"PSR\",\"alternateName\":\"PSR Energy Consulting\",\"url\":\"https:\\\/\\\/www.psr-inc.com\\\/pt-br\\\/\",\"logo\":{\"@type\":\"ImageObject\",\"inLanguage\":\"pt-BR\",\"@id\":\"https:\\\/\\\/www.psr-inc.com\\\/pt-br\\\/#\\\/schema\\\/logo\\\/image\\\/\",\"url\":\"https:\\\/\\\/www.psr-inc.com\\\/wp-content\\\/uploads\\\/2023\\\/03\\\/logo-psr.svg\",\"contentUrl\":\"https:\\\/\\\/www.psr-inc.com\\\/wp-content\\\/uploads\\\/2023\\\/03\\\/logo-psr.svg\",\"width\":1056,\"height\":816,\"caption\":\"PSR\"},\"image\":{\"@id\":\"https:\\\/\\\/www.psr-inc.com\\\/pt-br\\\/#\\\/schema\\\/logo\\\/image\\\/\"},\"sameAs\":[\"https:\\\/\\\/www.facebook.com\\\/psrenergy\",\"https:\\\/\\\/x.com\\\/psrenergy\",\"https:\\\/\\\/www.instagram.com\\\/psrenergy\\\/\",\"https:\\\/\\\/www.linkedin.com\\\/company\\\/psrenergy\\\/\"]}]}<\/script>\n<!-- \/ Yoast SEO plugin. -->","yoast_head_json":{"title":"Transi\u00e7\u00e3o e Integra\u00e7\u00e3o Energ\u00e9tica nos Pa\u00edses Ibero-americanos \u2013 A FGV recebe a PSR e outros agentes do setor para este importante semin\u00e1rio - PSR Energy","robots":{"index":"index","follow":"follow","max-snippet":"max-snippet:-1","max-image-preview":"max-image-preview:large","max-video-preview":"max-video-preview:-1"},"canonical":"https:\/\/www.psr-inc.com\/pt-br\/noticia\/transicao-e-integracao-energetica-nos-paises-ibero-americanos-a-fgv-recebe-a-psr-e-outros-agentes-do-setor-para-este-importante-seminario\/","og_locale":"pt_BR","og_type":"article","og_title":"Transi\u00e7\u00e3o e Integra\u00e7\u00e3o Energ\u00e9tica nos Pa\u00edses Ibero-americanos \u2013 A FGV recebe a PSR e outros agentes do setor para este importante semin\u00e1rio - PSR Energy","og_description":"Realizado no dia 27 de setembro, na FGV, organizado pela Associa\u00e7\u00e3o Iberoamericana de Entidades Reguladoras de Energia (ARIAE) e ANEEL em parceria com a FGV, o Semin\u00e1rio Internacional sobre &#8220;Transi\u00e7\u00e3o e Integra\u00e7\u00e3o Energ\u00e9tica nos Pa\u00edses Ibero-americanos\u201d reuniu autoridades nacionais e internacionais para debater sobre integra\u00e7\u00e3o energ\u00e9tica na Am\u00e9rica Latina e nos mercados Europeus (Espanha e...","og_url":"https:\/\/www.psr-inc.com\/pt-br\/noticia\/transicao-e-integracao-energetica-nos-paises-ibero-americanos-a-fgv-recebe-a-psr-e-outros-agentes-do-setor-para-este-importante-seminario\/","og_site_name":"PSR Energy","article_publisher":"https:\/\/www.facebook.com\/psrenergy","article_modified_time":"2025-08-18T17:24:39+00:00","og_image":[{"width":1015,"height":481,"url":"https:\/\/www.psr-inc.com\/wp-content\/uploads\/2025\/08\/Transicao_e_Integracao_Energetica_189_640x303.jpg","type":"image\/jpeg"}],"twitter_card":"summary_large_image","twitter_site":"@psrenergy","twitter_misc":{"Est. tempo de leitura":"2 minutos"},"schema":{"@context":"https:\/\/schema.org","@graph":[{"@type":"WebPage","@id":"https:\/\/www.psr-inc.com\/pt-br\/noticia\/transicao-e-integracao-energetica-nos-paises-ibero-americanos-a-fgv-recebe-a-psr-e-outros-agentes-do-setor-para-este-importante-seminario\/","url":"https:\/\/www.psr-inc.com\/pt-br\/noticia\/transicao-e-integracao-energetica-nos-paises-ibero-americanos-a-fgv-recebe-a-psr-e-outros-agentes-do-setor-para-este-importante-seminario\/","name":"Transi\u00e7\u00e3o e Integra\u00e7\u00e3o Energ\u00e9tica nos Pa\u00edses Ibero-americanos \u2013 A FGV recebe a PSR e outros agentes do setor para este importante semin\u00e1rio - PSR Energy","isPartOf":{"@id":"https:\/\/www.psr-inc.com\/pt-br\/#website"},"primaryImageOfPage":{"@id":"https:\/\/www.psr-inc.com\/pt-br\/noticia\/transicao-e-integracao-energetica-nos-paises-ibero-americanos-a-fgv-recebe-a-psr-e-outros-agentes-do-setor-para-este-importante-seminario\/#primaryimage"},"image":{"@id":"https:\/\/www.psr-inc.com\/pt-br\/noticia\/transicao-e-integracao-energetica-nos-paises-ibero-americanos-a-fgv-recebe-a-psr-e-outros-agentes-do-setor-para-este-importante-seminario\/#primaryimage"},"thumbnailUrl":"https:\/\/www.psr-inc.com\/wp-content\/uploads\/2025\/08\/Transicao_e_Integracao_Energetica_189_640x303.jpg","datePublished":"2019-10-03T19:00:57+00:00","dateModified":"2025-08-18T17:24:39+00:00","breadcrumb":{"@id":"https:\/\/www.psr-inc.com\/pt-br\/noticia\/transicao-e-integracao-energetica-nos-paises-ibero-americanos-a-fgv-recebe-a-psr-e-outros-agentes-do-setor-para-este-importante-seminario\/#breadcrumb"},"inLanguage":"pt-BR","potentialAction":[{"@type":"ReadAction","target":["https:\/\/www.psr-inc.com\/pt-br\/noticia\/transicao-e-integracao-energetica-nos-paises-ibero-americanos-a-fgv-recebe-a-psr-e-outros-agentes-do-setor-para-este-importante-seminario\/"]}]},{"@type":"ImageObject","inLanguage":"pt-BR","@id":"https:\/\/www.psr-inc.com\/pt-br\/noticia\/transicao-e-integracao-energetica-nos-paises-ibero-americanos-a-fgv-recebe-a-psr-e-outros-agentes-do-setor-para-este-importante-seminario\/#primaryimage","url":"https:\/\/www.psr-inc.com\/wp-content\/uploads\/2025\/08\/Transicao_e_Integracao_Energetica_189_640x303.jpg","contentUrl":"https:\/\/www.psr-inc.com\/wp-content\/uploads\/2025\/08\/Transicao_e_Integracao_Energetica_189_640x303.jpg","width":1015,"height":481},{"@type":"BreadcrumbList","@id":"https:\/\/www.psr-inc.com\/pt-br\/noticia\/transicao-e-integracao-energetica-nos-paises-ibero-americanos-a-fgv-recebe-a-psr-e-outros-agentes-do-setor-para-este-importante-seminario\/#breadcrumb","itemListElement":[{"@type":"ListItem","position":1,"name":"Home","item":"https:\/\/www.psr-inc.com\/pt-br\/"},{"@type":"ListItem","position":2,"name":"Not\u00edcias","item":"https:\/\/www.psr-inc.com\/pt-br\/noticias-antigo\/"},{"@type":"ListItem","position":3,"name":"Transi\u00e7\u00e3o e Integra\u00e7\u00e3o Energ\u00e9tica nos Pa\u00edses Ibero-americanos \u2013 A FGV recebe a PSR e outros agentes do setor para este importante semin\u00e1rio"}]},{"@type":"WebSite","@id":"https:\/\/www.psr-inc.com\/pt-br\/#website","url":"https:\/\/www.psr-inc.com\/pt-br\/","name":"PSR","description":"","publisher":{"@id":"https:\/\/www.psr-inc.com\/pt-br\/#organization"},"alternateName":"PSR Energy Consulting","potentialAction":[{"@type":"SearchAction","target":{"@type":"EntryPoint","urlTemplate":"https:\/\/www.psr-inc.com\/pt-br\/?s={search_term_string}"},"query-input":{"@type":"PropertyValueSpecification","valueRequired":true,"valueName":"search_term_string"}}],"inLanguage":"pt-BR"},{"@type":"Organization","@id":"https:\/\/www.psr-inc.com\/pt-br\/#organization","name":"PSR","alternateName":"PSR Energy Consulting","url":"https:\/\/www.psr-inc.com\/pt-br\/","logo":{"@type":"ImageObject","inLanguage":"pt-BR","@id":"https:\/\/www.psr-inc.com\/pt-br\/#\/schema\/logo\/image\/","url":"https:\/\/www.psr-inc.com\/wp-content\/uploads\/2023\/03\/logo-psr.svg","contentUrl":"https:\/\/www.psr-inc.com\/wp-content\/uploads\/2023\/03\/logo-psr.svg","width":1056,"height":816,"caption":"PSR"},"image":{"@id":"https:\/\/www.psr-inc.com\/pt-br\/#\/schema\/logo\/image\/"},"sameAs":["https:\/\/www.facebook.com\/psrenergy","https:\/\/x.com\/psrenergy","https:\/\/www.instagram.com\/psrenergy\/","https:\/\/www.linkedin.com\/company\/psrenergy\/"]}]}},"_links":{"self":[{"href":"https:\/\/www.psr-inc.com\/pt-br\/wp-json\/wp\/v2\/noticia\/1005615","targetHints":{"allow":["GET"]}}],"collection":[{"href":"https:\/\/www.psr-inc.com\/pt-br\/wp-json\/wp\/v2\/noticia"}],"about":[{"href":"https:\/\/www.psr-inc.com\/pt-br\/wp-json\/wp\/v2\/types\/noticia"}],"author":[{"embeddable":true,"href":"https:\/\/www.psr-inc.com\/pt-br\/wp-json\/wp\/v2\/users\/1"}],"version-history":[{"count":1,"href":"https:\/\/www.psr-inc.com\/pt-br\/wp-json\/wp\/v2\/noticia\/1005615\/revisions"}],"predecessor-version":[{"id":1005616,"href":"https:\/\/www.psr-inc.com\/pt-br\/wp-json\/wp\/v2\/noticia\/1005615\/revisions\/1005616"}],"wp:featuredmedia":[{"embeddable":true,"href":"https:\/\/www.psr-inc.com\/pt-br\/wp-json\/wp\/v2\/media\/998688"}],"wp:attachment":[{"href":"https:\/\/www.psr-inc.com\/pt-br\/wp-json\/wp\/v2\/media?parent=1005615"}],"wp:term":[{"taxonomy":"category","embeddable":true,"href":"https:\/\/www.psr-inc.com\/pt-br\/wp-json\/wp\/v2\/categories?post=1005615"}],"curies":[{"name":"wp","href":"https:\/\/api.w.org\/{rel}","templated":true}]}}