{"id":1005633,"date":"2019-04-11T16:00:54","date_gmt":"2019-04-11T19:00:54","guid":{"rendered":"https:\/\/novosite.psr-inc.com\/noticia\/seminario-promovido-pela-refinitiv-discutiu-os-desafios-para-implementacao-do-preco-horario-no-brasil\/"},"modified":"2025-08-18T14:24:43","modified_gmt":"2025-08-18T17:24:43","slug":"seminario-promovido-pela-refinitiv-discutiu-os-desafios-para-implementacao-do-preco-horario-no-brasil","status":"publish","type":"noticia","link":"https:\/\/www.psr-inc.com\/pt-br\/noticia\/seminario-promovido-pela-refinitiv-discutiu-os-desafios-para-implementacao-do-preco-horario-no-brasil\/","title":{"rendered":"Semin\u00e1rio promovido pela Refinitiv discutiu os desafios para implementa\u00e7\u00e3o do pre\u00e7o hor\u00e1rio no Brasil"},"content":{"rendered":"<div class=\"vgblk-rw-wrapper limit-wrapper\">Aconteceu em S\u00e3o Paulo no dia 10 de abril o 3\u00ba \u201cPower Brazil Seminar\u201d realizado pela Refinitiv. O evento contou a presen\u00e7a de 170 pessoas. Em meio a agenda, ocorreu o painel \u201cDesafios do pre\u00e7o hor\u00e1rio com foco no Dessem\u201d, com palestras de Alberto Kligerman da ONS, Thiago Ivanoski da EPE, Regiane Barros da CCEE, Fabiano Mour\u00e3o da Delta Energia, Claudio Vallejos da Refinitiv e representando a PSR, Bernardo Bezerra.<\/p>\n<p>Dentre os temas debatidos, falou-se da import\u00e2ncia do pre\u00e7o hor\u00e1rio e do modelo computacional para a programa\u00e7\u00e3o da opera\u00e7\u00e3o para o dia seguinte.<\/p>\n<p>&nbsp;<\/p>\n<p><img decoding=\"async\" class=\"size-medium wp-image-2507 aligncenter\" src=\"http:\/\/portaldev.psr-inc.com\/wp-content\/uploads\/2022\/09\/Refinitiv_3_640x303-300x142.jpg\" alt=\"\" width=\"300\" height=\"142\" \/><\/p>\n<p>&nbsp;<\/p>\n<p>Para detalhes sobre os assuntos abordados neste Semin\u00e1rio, acesse os links abaixo:<\/p>\n<p><a href=\"http:\/\/canalenergia.com.br\/noticias\/53095816\/pld-horario-reacende-discussao-sobre-dados-de-entrada-no-decomp\">Publica\u00e7\u00e3o Canal Energia<\/a><\/p>\n<p><a href=\"https:\/\/br.reuters.com\/article\/businessNews\/idBRKCN1RM2JP-OBRBS\">Publica\u00e7\u00e3o Reuters<\/a><\/p>\n<p>Para acessar o site oficial do evento clique\u00a0<a href=\"http:\/\/solutions.refinitiv.com\/BrazilPowerCongress\">aqui<\/a>.<\/div>\n<p><!-- .vgblk-rw-wrapper --><\/p>\n","protected":false},"excerpt":{"rendered":"<p>Aconteceu em S\u00e3o Paulo no dia 10 de abril o 3\u00ba \u201cPower Brazil Seminar\u201d realizado pela Refinitiv. O evento contou a presen\u00e7a de 170 pessoas. Em meio a agenda, ocorreu o painel \u201cDesafios do pre\u00e7o hor\u00e1rio com foco no Dessem\u201d, com palestras de Alberto Kligerman da ONS, Thiago Ivanoski da EPE, Regiane Barros da CCEE,&#8230;<\/p>\n","protected":false},"author":1,"featured_media":998696,"template":"","meta":{"_acf_changed":false},"categories":[],"class_list":["post-1005633","noticia","type-noticia","status-publish","has-post-thumbnail","hentry"],"acf":[],"yoast_head":"<!-- This site is optimized with the Yoast SEO plugin v27.5 - https:\/\/yoast.com\/product\/yoast-seo-wordpress\/ -->\n<title>Semin\u00e1rio promovido pela Refinitiv discutiu os desafios para implementa\u00e7\u00e3o do pre\u00e7o hor\u00e1rio no Brasil - PSR Energy<\/title>\n<meta name=\"robots\" content=\"index, follow, max-snippet:-1, max-image-preview:large, max-video-preview:-1\" \/>\n<link rel=\"canonical\" href=\"https:\/\/www.psr-inc.com\/pt-br\/noticia\/seminario-promovido-pela-refinitiv-discutiu-os-desafios-para-implementacao-do-preco-horario-no-brasil\/\" \/>\n<meta property=\"og:locale\" content=\"pt_BR\" \/>\n<meta property=\"og:type\" content=\"article\" \/>\n<meta property=\"og:title\" content=\"Semin\u00e1rio promovido pela Refinitiv discutiu os desafios para implementa\u00e7\u00e3o do pre\u00e7o hor\u00e1rio no Brasil - PSR Energy\" \/>\n<meta property=\"og:description\" content=\"Aconteceu em S\u00e3o Paulo no dia 10 de abril o 3\u00ba \u201cPower Brazil Seminar\u201d realizado pela Refinitiv. O evento contou a presen\u00e7a de 170 pessoas. Em meio a agenda, ocorreu o painel \u201cDesafios do pre\u00e7o hor\u00e1rio com foco no Dessem\u201d, com palestras de Alberto Kligerman da ONS, Thiago Ivanoski da EPE, Regiane Barros da CCEE,...\" \/>\n<meta property=\"og:url\" content=\"https:\/\/www.psr-inc.com\/pt-br\/noticia\/seminario-promovido-pela-refinitiv-discutiu-os-desafios-para-implementacao-do-preco-horario-no-brasil\/\" \/>\n<meta property=\"og:site_name\" content=\"PSR Energy\" \/>\n<meta property=\"article:publisher\" content=\"https:\/\/www.facebook.com\/psrenergy\" \/>\n<meta property=\"article:modified_time\" content=\"2025-08-18T17:24:43+00:00\" \/>\n<meta property=\"og:image\" content=\"https:\/\/www.psr-inc.com\/wp-content\/uploads\/2025\/08\/Refinitiv_2_640x303.jpg\" \/>\n\t<meta property=\"og:image:width\" content=\"1015\" \/>\n\t<meta property=\"og:image:height\" content=\"481\" \/>\n\t<meta property=\"og:image:type\" content=\"image\/jpeg\" \/>\n<meta name=\"twitter:card\" content=\"summary_large_image\" \/>\n<meta name=\"twitter:site\" content=\"@psrenergy\" \/>\n<meta name=\"twitter:label1\" content=\"Est. tempo de leitura\" \/>\n\t<meta name=\"twitter:data1\" content=\"1 minuto\" \/>\n<script type=\"application\/ld+json\" class=\"yoast-schema-graph\">{\"@context\":\"https:\\\/\\\/schema.org\",\"@graph\":[{\"@type\":\"WebPage\",\"@id\":\"https:\\\/\\\/www.psr-inc.com\\\/pt-br\\\/noticia\\\/seminario-promovido-pela-refinitiv-discutiu-os-desafios-para-implementacao-do-preco-horario-no-brasil\\\/\",\"url\":\"https:\\\/\\\/www.psr-inc.com\\\/pt-br\\\/noticia\\\/seminario-promovido-pela-refinitiv-discutiu-os-desafios-para-implementacao-do-preco-horario-no-brasil\\\/\",\"name\":\"Semin\u00e1rio promovido pela Refinitiv discutiu os desafios para implementa\u00e7\u00e3o do pre\u00e7o hor\u00e1rio no Brasil - PSR Energy\",\"isPartOf\":{\"@id\":\"https:\\\/\\\/www.psr-inc.com\\\/pt-br\\\/#website\"},\"primaryImageOfPage\":{\"@id\":\"https:\\\/\\\/www.psr-inc.com\\\/pt-br\\\/noticia\\\/seminario-promovido-pela-refinitiv-discutiu-os-desafios-para-implementacao-do-preco-horario-no-brasil\\\/#primaryimage\"},\"image\":{\"@id\":\"https:\\\/\\\/www.psr-inc.com\\\/pt-br\\\/noticia\\\/seminario-promovido-pela-refinitiv-discutiu-os-desafios-para-implementacao-do-preco-horario-no-brasil\\\/#primaryimage\"},\"thumbnailUrl\":\"https:\\\/\\\/www.psr-inc.com\\\/wp-content\\\/uploads\\\/2025\\\/08\\\/Refinitiv_2_640x303.jpg\",\"datePublished\":\"2019-04-11T19:00:54+00:00\",\"dateModified\":\"2025-08-18T17:24:43+00:00\",\"breadcrumb\":{\"@id\":\"https:\\\/\\\/www.psr-inc.com\\\/pt-br\\\/noticia\\\/seminario-promovido-pela-refinitiv-discutiu-os-desafios-para-implementacao-do-preco-horario-no-brasil\\\/#breadcrumb\"},\"inLanguage\":\"pt-BR\",\"potentialAction\":[{\"@type\":\"ReadAction\",\"target\":[\"https:\\\/\\\/www.psr-inc.com\\\/pt-br\\\/noticia\\\/seminario-promovido-pela-refinitiv-discutiu-os-desafios-para-implementacao-do-preco-horario-no-brasil\\\/\"]}]},{\"@type\":\"ImageObject\",\"inLanguage\":\"pt-BR\",\"@id\":\"https:\\\/\\\/www.psr-inc.com\\\/pt-br\\\/noticia\\\/seminario-promovido-pela-refinitiv-discutiu-os-desafios-para-implementacao-do-preco-horario-no-brasil\\\/#primaryimage\",\"url\":\"https:\\\/\\\/www.psr-inc.com\\\/wp-content\\\/uploads\\\/2025\\\/08\\\/Refinitiv_2_640x303.jpg\",\"contentUrl\":\"https:\\\/\\\/www.psr-inc.com\\\/wp-content\\\/uploads\\\/2025\\\/08\\\/Refinitiv_2_640x303.jpg\",\"width\":1015,\"height\":481},{\"@type\":\"BreadcrumbList\",\"@id\":\"https:\\\/\\\/www.psr-inc.com\\\/pt-br\\\/noticia\\\/seminario-promovido-pela-refinitiv-discutiu-os-desafios-para-implementacao-do-preco-horario-no-brasil\\\/#breadcrumb\",\"itemListElement\":[{\"@type\":\"ListItem\",\"position\":1,\"name\":\"Home\",\"item\":\"https:\\\/\\\/www.psr-inc.com\\\/pt-br\\\/\"},{\"@type\":\"ListItem\",\"position\":2,\"name\":\"Not\u00edcias\",\"item\":\"https:\\\/\\\/www.psr-inc.com\\\/pt-br\\\/noticias-antigo\\\/\"},{\"@type\":\"ListItem\",\"position\":3,\"name\":\"Semin\u00e1rio promovido pela Refinitiv discutiu os desafios para implementa\u00e7\u00e3o do pre\u00e7o hor\u00e1rio no Brasil\"}]},{\"@type\":\"WebSite\",\"@id\":\"https:\\\/\\\/www.psr-inc.com\\\/pt-br\\\/#website\",\"url\":\"https:\\\/\\\/www.psr-inc.com\\\/pt-br\\\/\",\"name\":\"PSR\",\"description\":\"\",\"publisher\":{\"@id\":\"https:\\\/\\\/www.psr-inc.com\\\/pt-br\\\/#organization\"},\"alternateName\":\"PSR Energy Consulting\",\"potentialAction\":[{\"@type\":\"SearchAction\",\"target\":{\"@type\":\"EntryPoint\",\"urlTemplate\":\"https:\\\/\\\/www.psr-inc.com\\\/pt-br\\\/?s={search_term_string}\"},\"query-input\":{\"@type\":\"PropertyValueSpecification\",\"valueRequired\":true,\"valueName\":\"search_term_string\"}}],\"inLanguage\":\"pt-BR\"},{\"@type\":\"Organization\",\"@id\":\"https:\\\/\\\/www.psr-inc.com\\\/pt-br\\\/#organization\",\"name\":\"PSR\",\"alternateName\":\"PSR Energy Consulting\",\"url\":\"https:\\\/\\\/www.psr-inc.com\\\/pt-br\\\/\",\"logo\":{\"@type\":\"ImageObject\",\"inLanguage\":\"pt-BR\",\"@id\":\"https:\\\/\\\/www.psr-inc.com\\\/pt-br\\\/#\\\/schema\\\/logo\\\/image\\\/\",\"url\":\"https:\\\/\\\/www.psr-inc.com\\\/wp-content\\\/uploads\\\/2023\\\/03\\\/logo-psr.svg\",\"contentUrl\":\"https:\\\/\\\/www.psr-inc.com\\\/wp-content\\\/uploads\\\/2023\\\/03\\\/logo-psr.svg\",\"width\":1056,\"height\":816,\"caption\":\"PSR\"},\"image\":{\"@id\":\"https:\\\/\\\/www.psr-inc.com\\\/pt-br\\\/#\\\/schema\\\/logo\\\/image\\\/\"},\"sameAs\":[\"https:\\\/\\\/www.facebook.com\\\/psrenergy\",\"https:\\\/\\\/x.com\\\/psrenergy\",\"https:\\\/\\\/www.instagram.com\\\/psrenergy\\\/\",\"https:\\\/\\\/www.linkedin.com\\\/company\\\/psrenergy\\\/\"]}]}<\/script>\n<!-- \/ Yoast SEO plugin. -->","yoast_head_json":{"title":"Semin\u00e1rio promovido pela Refinitiv discutiu os desafios para implementa\u00e7\u00e3o do pre\u00e7o hor\u00e1rio no Brasil - PSR Energy","robots":{"index":"index","follow":"follow","max-snippet":"max-snippet:-1","max-image-preview":"max-image-preview:large","max-video-preview":"max-video-preview:-1"},"canonical":"https:\/\/www.psr-inc.com\/pt-br\/noticia\/seminario-promovido-pela-refinitiv-discutiu-os-desafios-para-implementacao-do-preco-horario-no-brasil\/","og_locale":"pt_BR","og_type":"article","og_title":"Semin\u00e1rio promovido pela Refinitiv discutiu os desafios para implementa\u00e7\u00e3o do pre\u00e7o hor\u00e1rio no Brasil - PSR Energy","og_description":"Aconteceu em S\u00e3o Paulo no dia 10 de abril o 3\u00ba \u201cPower Brazil Seminar\u201d realizado pela Refinitiv. O evento contou a presen\u00e7a de 170 pessoas. Em meio a agenda, ocorreu o painel \u201cDesafios do pre\u00e7o hor\u00e1rio com foco no Dessem\u201d, com palestras de Alberto Kligerman da ONS, Thiago Ivanoski da EPE, Regiane Barros da CCEE,...","og_url":"https:\/\/www.psr-inc.com\/pt-br\/noticia\/seminario-promovido-pela-refinitiv-discutiu-os-desafios-para-implementacao-do-preco-horario-no-brasil\/","og_site_name":"PSR Energy","article_publisher":"https:\/\/www.facebook.com\/psrenergy","article_modified_time":"2025-08-18T17:24:43+00:00","og_image":[{"width":1015,"height":481,"url":"https:\/\/www.psr-inc.com\/wp-content\/uploads\/2025\/08\/Refinitiv_2_640x303.jpg","type":"image\/jpeg"}],"twitter_card":"summary_large_image","twitter_site":"@psrenergy","twitter_misc":{"Est. tempo de leitura":"1 minuto"},"schema":{"@context":"https:\/\/schema.org","@graph":[{"@type":"WebPage","@id":"https:\/\/www.psr-inc.com\/pt-br\/noticia\/seminario-promovido-pela-refinitiv-discutiu-os-desafios-para-implementacao-do-preco-horario-no-brasil\/","url":"https:\/\/www.psr-inc.com\/pt-br\/noticia\/seminario-promovido-pela-refinitiv-discutiu-os-desafios-para-implementacao-do-preco-horario-no-brasil\/","name":"Semin\u00e1rio promovido pela Refinitiv discutiu os desafios para implementa\u00e7\u00e3o do pre\u00e7o hor\u00e1rio no Brasil - PSR Energy","isPartOf":{"@id":"https:\/\/www.psr-inc.com\/pt-br\/#website"},"primaryImageOfPage":{"@id":"https:\/\/www.psr-inc.com\/pt-br\/noticia\/seminario-promovido-pela-refinitiv-discutiu-os-desafios-para-implementacao-do-preco-horario-no-brasil\/#primaryimage"},"image":{"@id":"https:\/\/www.psr-inc.com\/pt-br\/noticia\/seminario-promovido-pela-refinitiv-discutiu-os-desafios-para-implementacao-do-preco-horario-no-brasil\/#primaryimage"},"thumbnailUrl":"https:\/\/www.psr-inc.com\/wp-content\/uploads\/2025\/08\/Refinitiv_2_640x303.jpg","datePublished":"2019-04-11T19:00:54+00:00","dateModified":"2025-08-18T17:24:43+00:00","breadcrumb":{"@id":"https:\/\/www.psr-inc.com\/pt-br\/noticia\/seminario-promovido-pela-refinitiv-discutiu-os-desafios-para-implementacao-do-preco-horario-no-brasil\/#breadcrumb"},"inLanguage":"pt-BR","potentialAction":[{"@type":"ReadAction","target":["https:\/\/www.psr-inc.com\/pt-br\/noticia\/seminario-promovido-pela-refinitiv-discutiu-os-desafios-para-implementacao-do-preco-horario-no-brasil\/"]}]},{"@type":"ImageObject","inLanguage":"pt-BR","@id":"https:\/\/www.psr-inc.com\/pt-br\/noticia\/seminario-promovido-pela-refinitiv-discutiu-os-desafios-para-implementacao-do-preco-horario-no-brasil\/#primaryimage","url":"https:\/\/www.psr-inc.com\/wp-content\/uploads\/2025\/08\/Refinitiv_2_640x303.jpg","contentUrl":"https:\/\/www.psr-inc.com\/wp-content\/uploads\/2025\/08\/Refinitiv_2_640x303.jpg","width":1015,"height":481},{"@type":"BreadcrumbList","@id":"https:\/\/www.psr-inc.com\/pt-br\/noticia\/seminario-promovido-pela-refinitiv-discutiu-os-desafios-para-implementacao-do-preco-horario-no-brasil\/#breadcrumb","itemListElement":[{"@type":"ListItem","position":1,"name":"Home","item":"https:\/\/www.psr-inc.com\/pt-br\/"},{"@type":"ListItem","position":2,"name":"Not\u00edcias","item":"https:\/\/www.psr-inc.com\/pt-br\/noticias-antigo\/"},{"@type":"ListItem","position":3,"name":"Semin\u00e1rio promovido pela Refinitiv discutiu os desafios para implementa\u00e7\u00e3o do pre\u00e7o hor\u00e1rio no Brasil"}]},{"@type":"WebSite","@id":"https:\/\/www.psr-inc.com\/pt-br\/#website","url":"https:\/\/www.psr-inc.com\/pt-br\/","name":"PSR","description":"","publisher":{"@id":"https:\/\/www.psr-inc.com\/pt-br\/#organization"},"alternateName":"PSR Energy Consulting","potentialAction":[{"@type":"SearchAction","target":{"@type":"EntryPoint","urlTemplate":"https:\/\/www.psr-inc.com\/pt-br\/?s={search_term_string}"},"query-input":{"@type":"PropertyValueSpecification","valueRequired":true,"valueName":"search_term_string"}}],"inLanguage":"pt-BR"},{"@type":"Organization","@id":"https:\/\/www.psr-inc.com\/pt-br\/#organization","name":"PSR","alternateName":"PSR Energy Consulting","url":"https:\/\/www.psr-inc.com\/pt-br\/","logo":{"@type":"ImageObject","inLanguage":"pt-BR","@id":"https:\/\/www.psr-inc.com\/pt-br\/#\/schema\/logo\/image\/","url":"https:\/\/www.psr-inc.com\/wp-content\/uploads\/2023\/03\/logo-psr.svg","contentUrl":"https:\/\/www.psr-inc.com\/wp-content\/uploads\/2023\/03\/logo-psr.svg","width":1056,"height":816,"caption":"PSR"},"image":{"@id":"https:\/\/www.psr-inc.com\/pt-br\/#\/schema\/logo\/image\/"},"sameAs":["https:\/\/www.facebook.com\/psrenergy","https:\/\/x.com\/psrenergy","https:\/\/www.instagram.com\/psrenergy\/","https:\/\/www.linkedin.com\/company\/psrenergy\/"]}]}},"_links":{"self":[{"href":"https:\/\/www.psr-inc.com\/pt-br\/wp-json\/wp\/v2\/noticia\/1005633","targetHints":{"allow":["GET"]}}],"collection":[{"href":"https:\/\/www.psr-inc.com\/pt-br\/wp-json\/wp\/v2\/noticia"}],"about":[{"href":"https:\/\/www.psr-inc.com\/pt-br\/wp-json\/wp\/v2\/types\/noticia"}],"author":[{"embeddable":true,"href":"https:\/\/www.psr-inc.com\/pt-br\/wp-json\/wp\/v2\/users\/1"}],"version-history":[{"count":1,"href":"https:\/\/www.psr-inc.com\/pt-br\/wp-json\/wp\/v2\/noticia\/1005633\/revisions"}],"predecessor-version":[{"id":1005634,"href":"https:\/\/www.psr-inc.com\/pt-br\/wp-json\/wp\/v2\/noticia\/1005633\/revisions\/1005634"}],"wp:featuredmedia":[{"embeddable":true,"href":"https:\/\/www.psr-inc.com\/pt-br\/wp-json\/wp\/v2\/media\/998696"}],"wp:attachment":[{"href":"https:\/\/www.psr-inc.com\/pt-br\/wp-json\/wp\/v2\/media?parent=1005633"}],"wp:term":[{"taxonomy":"category","embeddable":true,"href":"https:\/\/www.psr-inc.com\/pt-br\/wp-json\/wp\/v2\/categories?post=1005633"}],"curies":[{"name":"wp","href":"https:\/\/api.w.org\/{rel}","templated":true}]}}