{"id":1005667,"date":"2018-10-05T16:00:31","date_gmt":"2018-10-05T19:00:31","guid":{"rendered":"https:\/\/novosite.psr-inc.com\/noticia\/no-dia-19-de-outubro-sera-realizado-em-sao-paulo-o-seminario-seguranca-e-sustentabilidade-da-matriz-eletrica-brasileira\/"},"modified":"2018-10-05T16:00:31","modified_gmt":"2018-10-05T19:00:31","slug":"no-dia-19-de-outubro-sera-realizado-em-sao-paulo-o-seminario-seguranca-e-sustentabilidade-da-matriz-eletrica-brasileira","status":"publish","type":"noticia","link":"https:\/\/www.psr-inc.com\/pt-br\/noticia\/no-dia-19-de-outubro-sera-realizado-em-sao-paulo-o-seminario-seguranca-e-sustentabilidade-da-matriz-eletrica-brasileira\/","title":{"rendered":"No dia 19 de outubro ser\u00e1 realizado em S\u00e3o Paulo o Semin\u00e1rio Seguran\u00e7a e Sustentabilidade da Matriz El\u00e9trica Brasileira"},"content":{"rendered":"<div class=\"vgblk-rw-wrapper limit-wrapper\">No dia 19 de outubro ser\u00e1 realizado em S\u00e3o Paulo o Semin\u00e1rio Seguran\u00e7a e Sustentabilidade da Matriz El\u00e9trica Brasileira, onde ser\u00e1 lan\u00e7ado o estudo \u201cQuais os reais custos e benef\u00edcios das fontes de gera\u00e7\u00e3o el\u00e9trica no Brasil\u201d do Instituto Escolhas em parceria com a Empresa de Pesquisa Energ\u00e9tica (EPE) e apoio do Instituto Clima e Sociedade (iCS). O semin\u00e1rio ir\u00e1 contar com a participa\u00e7\u00e3o do presidente da PSR, Mario Veiga, e o diretor t\u00e9cnico, Bernardo Bezerra. O principal objetivo do semin\u00e1rio \u00e9 apresentar o estudo desenvolvido pela PSR para quantificar os custos e benef\u00edcios dos atributos das principais fontes de gera\u00e7\u00e3o do sistema el\u00e9trico brasileiro (principalmente renov\u00e1veis), levando em considera\u00e7\u00e3o (i) os servi\u00e7os prestados por essas fontes (al\u00e9m da gera\u00e7\u00e3o), (ii) os valores necess\u00e1rios para recuperar o investimento, (iii) internaliza\u00e7\u00e3o de custos relativos a impactos ambientais (emiss\u00f5es), (iv) custos de infraestrutura causados ou evitados e (v) subs\u00eddios, por exemplo. Mais informa\u00e7\u00f5es em:\u00a0<a href=\"http:\/\/eventos.folha.uol.com.br\/evento\/seguranca-e-sustentabilidade-da-matriz-eletrica-brasil\/214\">http:\/\/eventos.folha.uol.com.br\/evento\/seguranca-e-sustentabilidade-da-matriz-eletrica-brasil\/214<\/a><\/div>\n<p><!-- .vgblk-rw-wrapper --><\/p>\n","protected":false},"excerpt":{"rendered":"<p>No dia 19 de outubro ser\u00e1 realizado em S\u00e3o Paulo o Semin\u00e1rio Seguran\u00e7a e Sustentabilidade da Matriz El\u00e9trica Brasileira, onde ser\u00e1 lan\u00e7ado o estudo \u201cQuais os reais custos e benef\u00edcios das fontes de gera\u00e7\u00e3o el\u00e9trica no Brasil\u201d do Instituto Escolhas em parceria com a Empresa de Pesquisa Energ\u00e9tica (EPE) e apoio do Instituto Clima e&#8230;<\/p>\n","protected":false},"author":1,"featured_media":998722,"template":"","meta":{"_acf_changed":false},"categories":[],"class_list":["post-1005667","noticia","type-noticia","status-publish","has-post-thumbnail","hentry"],"acf":[],"yoast_head":"<!-- This site is optimized with the Yoast SEO plugin v27.5 - https:\/\/yoast.com\/product\/yoast-seo-wordpress\/ -->\n<title>No dia 19 de outubro ser\u00e1 realizado em S\u00e3o Paulo o Semin\u00e1rio Seguran\u00e7a e Sustentabilidade da Matriz El\u00e9trica Brasileira - PSR Energy<\/title>\n<meta name=\"robots\" content=\"index, follow, max-snippet:-1, max-image-preview:large, max-video-preview:-1\" \/>\n<link rel=\"canonical\" href=\"https:\/\/www.psr-inc.com\/pt-br\/noticia\/no-dia-19-de-outubro-sera-realizado-em-sao-paulo-o-seminario-seguranca-e-sustentabilidade-da-matriz-eletrica-brasileira\/\" \/>\n<meta property=\"og:locale\" content=\"pt_BR\" \/>\n<meta property=\"og:type\" content=\"article\" \/>\n<meta property=\"og:title\" content=\"No dia 19 de outubro ser\u00e1 realizado em S\u00e3o Paulo o Semin\u00e1rio Seguran\u00e7a e Sustentabilidade da Matriz El\u00e9trica Brasileira - PSR Energy\" \/>\n<meta property=\"og:description\" content=\"No dia 19 de outubro ser\u00e1 realizado em S\u00e3o Paulo o Semin\u00e1rio Seguran\u00e7a e Sustentabilidade da Matriz El\u00e9trica Brasileira, onde ser\u00e1 lan\u00e7ado o estudo \u201cQuais os reais custos e benef\u00edcios das fontes de gera\u00e7\u00e3o el\u00e9trica no Brasil\u201d do Instituto Escolhas em parceria com a Empresa de Pesquisa Energ\u00e9tica (EPE) e apoio do Instituto Clima e...\" \/>\n<meta property=\"og:url\" content=\"https:\/\/www.psr-inc.com\/pt-br\/noticia\/no-dia-19-de-outubro-sera-realizado-em-sao-paulo-o-seminario-seguranca-e-sustentabilidade-da-matriz-eletrica-brasileira\/\" \/>\n<meta property=\"og:site_name\" content=\"PSR Energy\" \/>\n<meta property=\"article:publisher\" content=\"https:\/\/www.facebook.com\/psrenergy\" \/>\n<meta property=\"og:image\" content=\"https:\/\/www.psr-inc.com\/wp-content\/uploads\/2025\/08\/sem.jpg\" \/>\n\t<meta property=\"og:image:width\" content=\"1015\" \/>\n\t<meta property=\"og:image:height\" content=\"481\" \/>\n\t<meta property=\"og:image:type\" content=\"image\/jpeg\" \/>\n<meta name=\"twitter:card\" content=\"summary_large_image\" \/>\n<meta name=\"twitter:site\" content=\"@psrenergy\" \/>\n<meta name=\"twitter:label1\" content=\"Est. tempo de leitura\" \/>\n\t<meta name=\"twitter:data1\" content=\"1 minuto\" \/>\n<script type=\"application\/ld+json\" class=\"yoast-schema-graph\">{\"@context\":\"https:\\\/\\\/schema.org\",\"@graph\":[{\"@type\":\"WebPage\",\"@id\":\"https:\\\/\\\/www.psr-inc.com\\\/pt-br\\\/noticia\\\/no-dia-19-de-outubro-sera-realizado-em-sao-paulo-o-seminario-seguranca-e-sustentabilidade-da-matriz-eletrica-brasileira\\\/\",\"url\":\"https:\\\/\\\/www.psr-inc.com\\\/pt-br\\\/noticia\\\/no-dia-19-de-outubro-sera-realizado-em-sao-paulo-o-seminario-seguranca-e-sustentabilidade-da-matriz-eletrica-brasileira\\\/\",\"name\":\"No dia 19 de outubro ser\u00e1 realizado em S\u00e3o Paulo o Semin\u00e1rio Seguran\u00e7a e Sustentabilidade da Matriz El\u00e9trica Brasileira - PSR Energy\",\"isPartOf\":{\"@id\":\"https:\\\/\\\/www.psr-inc.com\\\/pt-br\\\/#website\"},\"primaryImageOfPage\":{\"@id\":\"https:\\\/\\\/www.psr-inc.com\\\/pt-br\\\/noticia\\\/no-dia-19-de-outubro-sera-realizado-em-sao-paulo-o-seminario-seguranca-e-sustentabilidade-da-matriz-eletrica-brasileira\\\/#primaryimage\"},\"image\":{\"@id\":\"https:\\\/\\\/www.psr-inc.com\\\/pt-br\\\/noticia\\\/no-dia-19-de-outubro-sera-realizado-em-sao-paulo-o-seminario-seguranca-e-sustentabilidade-da-matriz-eletrica-brasileira\\\/#primaryimage\"},\"thumbnailUrl\":\"https:\\\/\\\/www.psr-inc.com\\\/wp-content\\\/uploads\\\/2025\\\/08\\\/sem.jpg\",\"datePublished\":\"2018-10-05T19:00:31+00:00\",\"breadcrumb\":{\"@id\":\"https:\\\/\\\/www.psr-inc.com\\\/pt-br\\\/noticia\\\/no-dia-19-de-outubro-sera-realizado-em-sao-paulo-o-seminario-seguranca-e-sustentabilidade-da-matriz-eletrica-brasileira\\\/#breadcrumb\"},\"inLanguage\":\"pt-BR\",\"potentialAction\":[{\"@type\":\"ReadAction\",\"target\":[\"https:\\\/\\\/www.psr-inc.com\\\/pt-br\\\/noticia\\\/no-dia-19-de-outubro-sera-realizado-em-sao-paulo-o-seminario-seguranca-e-sustentabilidade-da-matriz-eletrica-brasileira\\\/\"]}]},{\"@type\":\"ImageObject\",\"inLanguage\":\"pt-BR\",\"@id\":\"https:\\\/\\\/www.psr-inc.com\\\/pt-br\\\/noticia\\\/no-dia-19-de-outubro-sera-realizado-em-sao-paulo-o-seminario-seguranca-e-sustentabilidade-da-matriz-eletrica-brasileira\\\/#primaryimage\",\"url\":\"https:\\\/\\\/www.psr-inc.com\\\/wp-content\\\/uploads\\\/2025\\\/08\\\/sem.jpg\",\"contentUrl\":\"https:\\\/\\\/www.psr-inc.com\\\/wp-content\\\/uploads\\\/2025\\\/08\\\/sem.jpg\",\"width\":1015,\"height\":481},{\"@type\":\"BreadcrumbList\",\"@id\":\"https:\\\/\\\/www.psr-inc.com\\\/pt-br\\\/noticia\\\/no-dia-19-de-outubro-sera-realizado-em-sao-paulo-o-seminario-seguranca-e-sustentabilidade-da-matriz-eletrica-brasileira\\\/#breadcrumb\",\"itemListElement\":[{\"@type\":\"ListItem\",\"position\":1,\"name\":\"Home\",\"item\":\"https:\\\/\\\/www.psr-inc.com\\\/pt-br\\\/\"},{\"@type\":\"ListItem\",\"position\":2,\"name\":\"Not\u00edcias\",\"item\":\"https:\\\/\\\/www.psr-inc.com\\\/pt-br\\\/noticias-antigo\\\/\"},{\"@type\":\"ListItem\",\"position\":3,\"name\":\"No dia 19 de outubro ser\u00e1 realizado em S\u00e3o Paulo o Semin\u00e1rio Seguran\u00e7a e Sustentabilidade da Matriz El\u00e9trica Brasileira\"}]},{\"@type\":\"WebSite\",\"@id\":\"https:\\\/\\\/www.psr-inc.com\\\/pt-br\\\/#website\",\"url\":\"https:\\\/\\\/www.psr-inc.com\\\/pt-br\\\/\",\"name\":\"PSR\",\"description\":\"\",\"publisher\":{\"@id\":\"https:\\\/\\\/www.psr-inc.com\\\/pt-br\\\/#organization\"},\"alternateName\":\"PSR Energy Consulting\",\"potentialAction\":[{\"@type\":\"SearchAction\",\"target\":{\"@type\":\"EntryPoint\",\"urlTemplate\":\"https:\\\/\\\/www.psr-inc.com\\\/pt-br\\\/?s={search_term_string}\"},\"query-input\":{\"@type\":\"PropertyValueSpecification\",\"valueRequired\":true,\"valueName\":\"search_term_string\"}}],\"inLanguage\":\"pt-BR\"},{\"@type\":\"Organization\",\"@id\":\"https:\\\/\\\/www.psr-inc.com\\\/pt-br\\\/#organization\",\"name\":\"PSR\",\"alternateName\":\"PSR Energy Consulting\",\"url\":\"https:\\\/\\\/www.psr-inc.com\\\/pt-br\\\/\",\"logo\":{\"@type\":\"ImageObject\",\"inLanguage\":\"pt-BR\",\"@id\":\"https:\\\/\\\/www.psr-inc.com\\\/pt-br\\\/#\\\/schema\\\/logo\\\/image\\\/\",\"url\":\"https:\\\/\\\/www.psr-inc.com\\\/wp-content\\\/uploads\\\/2023\\\/03\\\/logo-psr.svg\",\"contentUrl\":\"https:\\\/\\\/www.psr-inc.com\\\/wp-content\\\/uploads\\\/2023\\\/03\\\/logo-psr.svg\",\"width\":1056,\"height\":816,\"caption\":\"PSR\"},\"image\":{\"@id\":\"https:\\\/\\\/www.psr-inc.com\\\/pt-br\\\/#\\\/schema\\\/logo\\\/image\\\/\"},\"sameAs\":[\"https:\\\/\\\/www.facebook.com\\\/psrenergy\",\"https:\\\/\\\/x.com\\\/psrenergy\",\"https:\\\/\\\/www.instagram.com\\\/psrenergy\\\/\",\"https:\\\/\\\/www.linkedin.com\\\/company\\\/psrenergy\\\/\"]}]}<\/script>\n<!-- \/ Yoast SEO plugin. -->","yoast_head_json":{"title":"No dia 19 de outubro ser\u00e1 realizado em S\u00e3o Paulo o Semin\u00e1rio Seguran\u00e7a e Sustentabilidade da Matriz El\u00e9trica Brasileira - PSR Energy","robots":{"index":"index","follow":"follow","max-snippet":"max-snippet:-1","max-image-preview":"max-image-preview:large","max-video-preview":"max-video-preview:-1"},"canonical":"https:\/\/www.psr-inc.com\/pt-br\/noticia\/no-dia-19-de-outubro-sera-realizado-em-sao-paulo-o-seminario-seguranca-e-sustentabilidade-da-matriz-eletrica-brasileira\/","og_locale":"pt_BR","og_type":"article","og_title":"No dia 19 de outubro ser\u00e1 realizado em S\u00e3o Paulo o Semin\u00e1rio Seguran\u00e7a e Sustentabilidade da Matriz El\u00e9trica Brasileira - PSR Energy","og_description":"No dia 19 de outubro ser\u00e1 realizado em S\u00e3o Paulo o Semin\u00e1rio Seguran\u00e7a e Sustentabilidade da Matriz El\u00e9trica Brasileira, onde ser\u00e1 lan\u00e7ado o estudo \u201cQuais os reais custos e benef\u00edcios das fontes de gera\u00e7\u00e3o el\u00e9trica no Brasil\u201d do Instituto Escolhas em parceria com a Empresa de Pesquisa Energ\u00e9tica (EPE) e apoio do Instituto Clima e...","og_url":"https:\/\/www.psr-inc.com\/pt-br\/noticia\/no-dia-19-de-outubro-sera-realizado-em-sao-paulo-o-seminario-seguranca-e-sustentabilidade-da-matriz-eletrica-brasileira\/","og_site_name":"PSR Energy","article_publisher":"https:\/\/www.facebook.com\/psrenergy","og_image":[{"width":1015,"height":481,"url":"https:\/\/www.psr-inc.com\/wp-content\/uploads\/2025\/08\/sem.jpg","type":"image\/jpeg"}],"twitter_card":"summary_large_image","twitter_site":"@psrenergy","twitter_misc":{"Est. tempo de leitura":"1 minuto"},"schema":{"@context":"https:\/\/schema.org","@graph":[{"@type":"WebPage","@id":"https:\/\/www.psr-inc.com\/pt-br\/noticia\/no-dia-19-de-outubro-sera-realizado-em-sao-paulo-o-seminario-seguranca-e-sustentabilidade-da-matriz-eletrica-brasileira\/","url":"https:\/\/www.psr-inc.com\/pt-br\/noticia\/no-dia-19-de-outubro-sera-realizado-em-sao-paulo-o-seminario-seguranca-e-sustentabilidade-da-matriz-eletrica-brasileira\/","name":"No dia 19 de outubro ser\u00e1 realizado em S\u00e3o Paulo o Semin\u00e1rio Seguran\u00e7a e Sustentabilidade da Matriz El\u00e9trica Brasileira - PSR Energy","isPartOf":{"@id":"https:\/\/www.psr-inc.com\/pt-br\/#website"},"primaryImageOfPage":{"@id":"https:\/\/www.psr-inc.com\/pt-br\/noticia\/no-dia-19-de-outubro-sera-realizado-em-sao-paulo-o-seminario-seguranca-e-sustentabilidade-da-matriz-eletrica-brasileira\/#primaryimage"},"image":{"@id":"https:\/\/www.psr-inc.com\/pt-br\/noticia\/no-dia-19-de-outubro-sera-realizado-em-sao-paulo-o-seminario-seguranca-e-sustentabilidade-da-matriz-eletrica-brasileira\/#primaryimage"},"thumbnailUrl":"https:\/\/www.psr-inc.com\/wp-content\/uploads\/2025\/08\/sem.jpg","datePublished":"2018-10-05T19:00:31+00:00","breadcrumb":{"@id":"https:\/\/www.psr-inc.com\/pt-br\/noticia\/no-dia-19-de-outubro-sera-realizado-em-sao-paulo-o-seminario-seguranca-e-sustentabilidade-da-matriz-eletrica-brasileira\/#breadcrumb"},"inLanguage":"pt-BR","potentialAction":[{"@type":"ReadAction","target":["https:\/\/www.psr-inc.com\/pt-br\/noticia\/no-dia-19-de-outubro-sera-realizado-em-sao-paulo-o-seminario-seguranca-e-sustentabilidade-da-matriz-eletrica-brasileira\/"]}]},{"@type":"ImageObject","inLanguage":"pt-BR","@id":"https:\/\/www.psr-inc.com\/pt-br\/noticia\/no-dia-19-de-outubro-sera-realizado-em-sao-paulo-o-seminario-seguranca-e-sustentabilidade-da-matriz-eletrica-brasileira\/#primaryimage","url":"https:\/\/www.psr-inc.com\/wp-content\/uploads\/2025\/08\/sem.jpg","contentUrl":"https:\/\/www.psr-inc.com\/wp-content\/uploads\/2025\/08\/sem.jpg","width":1015,"height":481},{"@type":"BreadcrumbList","@id":"https:\/\/www.psr-inc.com\/pt-br\/noticia\/no-dia-19-de-outubro-sera-realizado-em-sao-paulo-o-seminario-seguranca-e-sustentabilidade-da-matriz-eletrica-brasileira\/#breadcrumb","itemListElement":[{"@type":"ListItem","position":1,"name":"Home","item":"https:\/\/www.psr-inc.com\/pt-br\/"},{"@type":"ListItem","position":2,"name":"Not\u00edcias","item":"https:\/\/www.psr-inc.com\/pt-br\/noticias-antigo\/"},{"@type":"ListItem","position":3,"name":"No dia 19 de outubro ser\u00e1 realizado em S\u00e3o Paulo o Semin\u00e1rio Seguran\u00e7a e Sustentabilidade da Matriz El\u00e9trica Brasileira"}]},{"@type":"WebSite","@id":"https:\/\/www.psr-inc.com\/pt-br\/#website","url":"https:\/\/www.psr-inc.com\/pt-br\/","name":"PSR","description":"","publisher":{"@id":"https:\/\/www.psr-inc.com\/pt-br\/#organization"},"alternateName":"PSR Energy Consulting","potentialAction":[{"@type":"SearchAction","target":{"@type":"EntryPoint","urlTemplate":"https:\/\/www.psr-inc.com\/pt-br\/?s={search_term_string}"},"query-input":{"@type":"PropertyValueSpecification","valueRequired":true,"valueName":"search_term_string"}}],"inLanguage":"pt-BR"},{"@type":"Organization","@id":"https:\/\/www.psr-inc.com\/pt-br\/#organization","name":"PSR","alternateName":"PSR Energy Consulting","url":"https:\/\/www.psr-inc.com\/pt-br\/","logo":{"@type":"ImageObject","inLanguage":"pt-BR","@id":"https:\/\/www.psr-inc.com\/pt-br\/#\/schema\/logo\/image\/","url":"https:\/\/www.psr-inc.com\/wp-content\/uploads\/2023\/03\/logo-psr.svg","contentUrl":"https:\/\/www.psr-inc.com\/wp-content\/uploads\/2023\/03\/logo-psr.svg","width":1056,"height":816,"caption":"PSR"},"image":{"@id":"https:\/\/www.psr-inc.com\/pt-br\/#\/schema\/logo\/image\/"},"sameAs":["https:\/\/www.facebook.com\/psrenergy","https:\/\/x.com\/psrenergy","https:\/\/www.instagram.com\/psrenergy\/","https:\/\/www.linkedin.com\/company\/psrenergy\/"]}]}},"_links":{"self":[{"href":"https:\/\/www.psr-inc.com\/pt-br\/wp-json\/wp\/v2\/noticia\/1005667","targetHints":{"allow":["GET"]}}],"collection":[{"href":"https:\/\/www.psr-inc.com\/pt-br\/wp-json\/wp\/v2\/noticia"}],"about":[{"href":"https:\/\/www.psr-inc.com\/pt-br\/wp-json\/wp\/v2\/types\/noticia"}],"author":[{"embeddable":true,"href":"https:\/\/www.psr-inc.com\/pt-br\/wp-json\/wp\/v2\/users\/1"}],"version-history":[{"count":0,"href":"https:\/\/www.psr-inc.com\/pt-br\/wp-json\/wp\/v2\/noticia\/1005667\/revisions"}],"wp:featuredmedia":[{"embeddable":true,"href":"https:\/\/www.psr-inc.com\/pt-br\/wp-json\/wp\/v2\/media\/998722"}],"wp:attachment":[{"href":"https:\/\/www.psr-inc.com\/pt-br\/wp-json\/wp\/v2\/media?parent=1005667"}],"wp:term":[{"taxonomy":"category","embeddable":true,"href":"https:\/\/www.psr-inc.com\/pt-br\/wp-json\/wp\/v2\/categories?post=1005667"}],"curies":[{"name":"wp","href":"https:\/\/api.w.org\/{rel}","templated":true}]}}